{"id":506165,"date":"2017-10-23T17:10:33","date_gmt":"2017-10-23T22:10:33","guid":{"rendered":"https:\/\/www.futboltotal.com.mx\/?p=506165"},"modified":"2017-10-23T17:10:33","modified_gmt":"2017-10-23T22:10:33","slug":"ciclo-cristiano-ronaldo-messi-apenas-esta-comenzando-cristiano","status":"publish","type":"post","link":"http:\/\/desarrollo.grupomedios.com\/futbol\/futbol-internacional\/ciclo-cristiano-ronaldo-messi-apenas-esta-comenzando-cristiano\/2017\/10","title":{"rendered":"&#8220;El ciclo Cristiano Ronaldo-Messi apenas est\u00e1 comenzando&#8221;: Cristiano"},"content":{"rendered":"<p><strong>Cristiano Ronaldo<\/strong>, coronado este lunes en Londres como <strong>The Best<\/strong>\u00a0por segundo a\u00f1o consecutivo, brome\u00f3 tras recibir el premio y dijo que el ciclo <strong>Cristiano-Messi<\/strong> &#8220;apenas est\u00e1 comenzando&#8221;.<\/p>\n<p>El astro portugu\u00e9s, que acudi\u00f3 al c\u00e9ntrico London Palladium, sede de la gala de la<strong> FIFA<\/strong>, con su pareja, Georgina Rodr\u00edguez, y con su hijo Cristiano Jr, asegur\u00f3 que est\u00e1 &#8220;muy feliz&#8221; y que est\u00e1 &#8220;viviendo un momento \u00fanico&#8221; en su vida.<\/p>\n<p>&#8220;Es un orgullo enorme. Dedico este trofeo a la afici\u00f3n, a todos mis compa\u00f1eros y a la gente me ha ayudado a lograr esto. Estoy muy feliz. Estoy viviendo un momento \u00fanico que tengo que disfrutar&#8221;, dijo un exultante Ronaldo tras la gala.<\/p>\n<p style=\"text-align: center;\"><span style=\"color: #3366ff;\"><a href=\"https:\/\/www.futboltotal.com.mx\/futbol-mexicano\/leicester-city-iria-matias-almeyda\/2017\/10\">VER M\u00c1S: Leicester City ir\u00eda por Mat\u00edas Almeyda<\/a><\/span><\/p>\n<blockquote class=\"twitter-tweet\" data-width=\"500\">\n<p lang=\"en\" dir=\"ltr\">Amazing feeling to have won this award again. Want to dedicate to my family, my friends, my teammates and coaches from both Real Madrid and Portuguese NT and everyone who supported me. <a href=\"https:\/\/t.co\/umpYMo1JZg\">pic.twitter.com\/umpYMo1JZg<\/a><\/p>\n<p>&mdash; Cristiano Ronaldo (@Cristiano) <a href=\"https:\/\/twitter.com\/Cristiano\/status\/922572898761691137?ref_src=twsrc%5Etfw\">October 23, 2017<\/a><\/p><\/blockquote>\n<p><script async src=\"\/\/platform.twitter.com\/widgets.js\" charset=\"utf-8\"><\/script><\/p>\n<p>El futbolista del <strong>Real Madrid<\/strong> se impuso en la votaci\u00f3n al argentino Lionel Messi, estrella del <strong>Barcelona<\/strong>, y al brasile\u00f1o Neymar, quien el pasado verano cambi\u00f3 el Barcelona por el <strong>Par\u00eds Saint-Germain.<\/strong><\/p>\n<p>&#8220;La temporada pasada fue fabulosa, y tengo que dar la enhorabuena a mis compa\u00f1eros por un a\u00f1o inolvidable. Detr\u00e1s hay mucho talento, trabajo, dedicaci\u00f3n y tiempo entrenando en el gimnasio y con los fisios, durmiendo y comiendo bien y haciendo las cosas perfectas como profesional&#8221;, coment\u00f3 <strong>CR7.<\/strong><\/p>\n<p>&#8220;Mi ambici\u00f3n era ganar algo con la selecci\u00f3n y en 2016 levantamos la Eurocopa. Lo que m\u00e1s quiero ahora es ganar trofeos colectivos para poder ganar individuales. Trabajo para eso&#8221;, prosigui\u00f3.<\/p>\n<p style=\"text-align: center;\"><span style=\"color: #3366ff;\"><a href=\"https:\/\/www.futboltotal.com.mx\/futbol-internacional\/real-madrid-acapara-equipo-ideal-fifa-en-2017\/2017\/10\">VER M\u00c1S: Real Madrid acapara el equipo ideal de FIFA en 2017<\/a><\/span><\/p>\n<p>Preguntado sobre la continuidad del ciclo Cristiano Ronaldo-Lionel Messi, quienes han copado los premios individuales durante los \u00faltimos a\u00f1os, el portugu\u00e9s brome\u00f3 y dijo que &#8220;apenas est\u00e1 comenzando&#8221;.<\/p>\n<p>&#8220;No compito con Leo. Estamos en la misma era; \u00e9l gan\u00f3 el trofeo cinco veces y yo otras cinco. Las cosas son como son. Estoy feliz, juego en el mejor club del mundo y tengo la posibilidad de demostrar que estoy a un nivel alto y sigo muy bien&#8221;, sostuvo.<\/p>\n<p>&#8220;Ya veremos el d\u00eda de ma\u00f1ana qu\u00e9 pasa, pero en este momento hay que disfrutar porque es un momento muy bonito en mi vida&#8221;, subray\u00f3 Cristiano. EFE<\/p>\n","protected":false},"excerpt":{"rendered":"<p>El portugu\u00e9s ya empat\u00f3 a Messi con los mismos premios.<\/p>\n","protected":false},"author":129,"featured_media":506166,"comment_status":"closed","ping_status":"closed","sticky":false,"template":"","format":"standard","meta":[],"categories":[3839],"tags":[6013,361,6214,6012,6001,7588],"_links":{"self":[{"href":"http:\/\/desarrollo.grupomedios.com\/futbol\/wp-json\/wp\/v2\/posts\/506165"}],"collection":[{"href":"http:\/\/desarrollo.grupomedios.com\/futbol\/wp-json\/wp\/v2\/posts"}],"about":[{"href":"http:\/\/desarrollo.grupomedios.com\/futbol\/wp-json\/wp\/v2\/types\/post"}],"author":[{"embeddable":true,"href":"http:\/\/desarrollo.grupomedios.com\/futbol\/wp-json\/wp\/v2\/users\/129"}],"replies":[{"embeddable":true,"href":"http:\/\/desarrollo.grupomedios.com\/futbol\/wp-json\/wp\/v2\/comments?post=506165"}],"version-history":[{"count":1,"href":"http:\/\/desarrollo.grupomedios.com\/futbol\/wp-json\/wp\/v2\/posts\/506165\/revisions"}],"predecessor-version":[{"id":506167,"href":"http:\/\/desarrollo.grupomedios.com\/futbol\/wp-json\/wp\/v2\/posts\/506165\/revisions\/506167"}],"wp:featuredmedia":[{"embeddable":true,"href":"http:\/\/desarrollo.grupomedios.com\/futbol\/wp-json\/wp\/v2\/media\/506166"}],"wp:attachment":[{"href":"http:\/\/desarrollo.grupomedios.com\/futbol\/wp-json\/wp\/v2\/media?parent=506165"}],"wp:term":[{"taxonomy":"category","embeddable":true,"href":"http:\/\/desarrollo.grupomedios.com\/futbol\/wp-json\/wp\/v2\/categories?post=506165"},{"taxonomy":"post_tag","embeddable":true,"href":"http:\/\/desarrollo.grupomedios.com\/futbol\/wp-json\/wp\/v2\/tags?post=506165"}],"curies":[{"name":"wp","href":"https:\/\/api.w.org\/{rel}","templated":true}]}}