{"id":506183,"date":"2017-10-23T19:59:55","date_gmt":"2017-10-24T00:59:55","guid":{"rendered":"https:\/\/www.futboltotal.com.mx\/?p=506183"},"modified":"2017-10-23T20:15:51","modified_gmt":"2017-10-24T01:15:51","slug":"dani-alves-brillo-en-the-best-los-memes-lo-prueban","status":"publish","type":"post","link":"http:\/\/desarrollo.grupomedios.com\/futbol\/futbol-internacional\/dani-alves-brillo-en-the-best-los-memes-lo-prueban\/2017\/10","title":{"rendered":"Dani Alves brill\u00f3 en The Best y los memes lo prueban"},"content":{"rendered":"<p>En la gala de premios a lo mejor de futbol llamada<strong> &#8216;The Best&#8217;<\/strong>, permiti\u00f3 ver reunidas a las m\u00e1ximas estrellas del futbol reunidas y tambi\u00e9n se convierte en una pasarela, pues los atuendos de los futbolistas, que se convierten en lo que acapara la atenci\u00f3n de las c\u00e1maras.<\/p>\n<p><strong>Lionel Messi<\/strong> es uno de los que siempre ha resultado en los reflectores de este tipo de eventos; sin embargo, en esta ocasi\u00f3n el principal protagonista fue <strong>Dani Alves<\/strong> quien llam\u00f3 la atenci\u00f3n por su peculiar forma de vestir, la cual muchos compararon con la de los mariachis.<\/p>\n<p>El lateral brasile\u00f1o del <strong>Paris Saint-Germain<\/strong> fue parte del once ideal de la gala, luego de la extraordinaria temporada que logr\u00f3 con la <strong>Juventus<\/strong> en la campa\u00f1a anterior, donde lograron llegar a la Final de la <strong>Champions League<\/strong>, donde se quedaron a un paso de la gloria al caer ante el Real Madrid.<\/p>\n<p style=\"text-align: center;\"><a href=\"https:\/\/www.futboltotal.com.mx\/futbol-mexicano\/leicester-city-iria-matias-almeyda\/2017\/10\" target=\"_blank\" rel=\"noopener\">VER M\u00c1S: Mat\u00edas Almeyda, en la mira del Leicester City<\/a><\/p>\n<p>Las burlas obviamente no se hicieron esperar y aqu\u00ed te dejamos las mejores:<\/p>\n<blockquote class=\"twitter-tweet\" data-lang=\"es\">\n<p dir=\"ltr\" lang=\"es\">Y aqu\u00ed Dani Alves en los premios <a href=\"https:\/\/twitter.com\/hashtag\/TheBest?src=hash&amp;ref_src=twsrc%5Etfw\">#TheBest<\/a> jajajaja <a href=\"https:\/\/t.co\/qFBCBrlZVU\">pic.twitter.com\/qFBCBrlZVU<\/a><\/p>\n<p>\u2014 INGAME14 (@INGAME_14) <a href=\"https:\/\/twitter.com\/INGAME_14\/status\/922548061959806976?ref_src=twsrc%5Etfw\">23 de octubre de 2017<\/a><\/p><\/blockquote>\n<p><script async src=\"\/\/platform.twitter.com\/widgets.js\" charset=\"utf-8\"><\/script><\/p>\n<blockquote class=\"twitter-tweet\" data-lang=\"es\">\n<p dir=\"ltr\" lang=\"es\">Parece que Dani Alves se rob\u00f3 el traje de &#8216;El Mariachi&#8217; para asistir al <a href=\"https:\/\/twitter.com\/hashtag\/TheBest?src=hash&amp;ref_src=twsrc%5Etfw\">#TheBest<\/a> <a href=\"https:\/\/t.co\/3x0smHlfhW\">pic.twitter.com\/3x0smHlfhW<\/a><\/p>\n<p>\u2014 Rafael Rivera (@RafaDato2) <a href=\"https:\/\/twitter.com\/RafaDato2\/status\/922547528184233984?ref_src=twsrc%5Etfw\">23 de octubre de 2017<\/a><\/p><\/blockquote>\n<p><script async src=\"\/\/platform.twitter.com\/widgets.js\" charset=\"utf-8\"><\/script><\/p>\n<blockquote class=\"twitter-tweet\" data-lang=\"es\">\n<p dir=\"ltr\" lang=\"es\">EMOTIVO<br \/>\nEl tributo que Dani Alves le rindi\u00f3 a Lupe Esparza de Bronco. <a href=\"https:\/\/t.co\/k75WEJzNWm\">pic.twitter.com\/k75WEJzNWm<\/a><\/p>\n<p>\u2014 Rodrigo Salvador (@rodrigosa90) <a href=\"https:\/\/twitter.com\/rodrigosa90\/status\/922541912539717633?ref_src=twsrc%5Etfw\">23 de octubre de 2017<\/a><\/p><\/blockquote>\n<p><script async src=\"\/\/platform.twitter.com\/widgets.js\" charset=\"utf-8\"><\/script><\/p>\n<blockquote class=\"twitter-tweet\" data-lang=\"es\">\n<p dir=\"ltr\" lang=\"es\">D\u00edganle a Dani Alves que deje de imitar la forma de vestir de Evo Morales. <a href=\"https:\/\/t.co\/uU244I04Gp\">pic.twitter.com\/uU244I04Gp<\/a><\/p>\n<p>\u2014 Exorcismo Isl\u00e1mico \u00ae (@ExorcismooHN) <a href=\"https:\/\/twitter.com\/ExorcismooHN\/status\/922548504958062593?ref_src=twsrc%5Etfw\">23 de octubre de 2017<\/a><\/p><\/blockquote>\n<p><script async src=\"\/\/platform.twitter.com\/widgets.js\" charset=\"utf-8\"><\/script><\/p>\n<blockquote class=\"twitter-tweet\" data-lang=\"es\">\n<p dir=\"ltr\" lang=\"es\">Dani Alves, futbolista de dia mariachi de noche <a href=\"https:\/\/t.co\/IldGhkjBZr\">pic.twitter.com\/IldGhkjBZr<\/a><\/p>\n<p>\u2014 Ricardo BARAJAS (@Ricardo32044629) <a href=\"https:\/\/twitter.com\/Ricardo32044629\/status\/922578635164454912?ref_src=twsrc%5Etfw\">23 de octubre de 2017<\/a><\/p><\/blockquote>\n<p><script async src=\"\/\/platform.twitter.com\/widgets.js\" charset=\"utf-8\"><\/script><\/p>\n<div id=\"attachment_506187\" style=\"width: 734px\" class=\"wp-caption alignnone\"><img aria-describedby=\"caption-attachment-506187\" decoding=\"async\" loading=\"lazy\" class=\"wp-image-506187 size-full\" src=\"https:\/\/www.futboltotal.com.mx\/wp-content\/uploads\/2017\/10\/the-best-2.jpg\" alt=\"Todos los equipos y jugadores estuvieron presentes\" srcset=\"http:\/\/desarrollo.grupomedios.com\/futbol\/wp-content\/uploads\/2017\/10\/the-best-2.jpg 724w, http:\/\/desarrollo.grupomedios.com\/futbol\/wp-content\/uploads\/2017\/10\/the-best-2-300x182.jpg 300w\" sizes=\"(max-width: 724px) 100vw, 724px\" \/><p id=\"caption-attachment-506187\" class=\"wp-caption-text\">La gala de The Best tuvo los mejores memes<\/p><\/div>\n<div id=\"attachment_506188\" style=\"width: 508px\" class=\"wp-caption alignnone\"><img aria-describedby=\"caption-attachment-506188\" decoding=\"async\" loading=\"lazy\" class=\"wp-image-506188 size-full\" src=\"https:\/\/www.futboltotal.com.mx\/wp-content\/uploads\/2017\/10\/the-best-4.jpg\" alt=\"La gala tuvo para todos los equipos y jugadores\" srcset=\"http:\/\/desarrollo.grupomedios.com\/futbol\/wp-content\/uploads\/2017\/10\/the-best-4.jpg 498w, http:\/\/desarrollo.grupomedios.com\/futbol\/wp-content\/uploads\/2017\/10\/the-best-4-300x207.jpg 300w\" sizes=\"(max-width: 498px) 100vw, 498px\" \/><p id=\"caption-attachment-506188\" class=\"wp-caption-text\">The Best sac\u00f3 los mejores memes<\/p><\/div>\n<div id=\"attachment_506189\" style=\"width: 560px\" class=\"wp-caption alignnone\"><img aria-describedby=\"caption-attachment-506189\" decoding=\"async\" loading=\"lazy\" class=\"wp-image-506189 size-full\" src=\"https:\/\/www.futboltotal.com.mx\/wp-content\/uploads\/2017\/10\/the-best-5.jpg\" alt=\"La gala no perdon\u00f3 a ning\u00fan jugador\" srcset=\"http:\/\/desarrollo.grupomedios.com\/futbol\/wp-content\/uploads\/2017\/10\/the-best-5.jpg 550w, http:\/\/desarrollo.grupomedios.com\/futbol\/wp-content\/uploads\/2017\/10\/the-best-5-300x233.jpg 300w\" sizes=\"(max-width: 550px) 100vw, 550px\" \/><p id=\"caption-attachment-506189\" class=\"wp-caption-text\">The Best tuvo los mejores memes en la noche<\/p><\/div>\n<div id=\"attachment_506190\" style=\"width: 660px\" class=\"wp-caption alignnone\"><img aria-describedby=\"caption-attachment-506190\" decoding=\"async\" loading=\"lazy\" class=\"wp-image-506190 size-full\" src=\"https:\/\/www.futboltotal.com.mx\/wp-content\/uploads\/2017\/10\/the-best-6.jpg\" alt=\"La gala estuvo llena de memes\" srcset=\"http:\/\/desarrollo.grupomedios.com\/futbol\/wp-content\/uploads\/2017\/10\/the-best-6.jpg 650w, http:\/\/desarrollo.grupomedios.com\/futbol\/wp-content\/uploads\/2017\/10\/the-best-6-150x150.jpg 150w, http:\/\/desarrollo.grupomedios.com\/futbol\/wp-content\/uploads\/2017\/10\/the-best-6-297x300.jpg 297w\" sizes=\"(max-width: 650px) 100vw, 650px\" \/><p id=\"caption-attachment-506190\" class=\"wp-caption-text\">The Best tuvo los mejores memes<\/p><\/div>\n<div id=\"attachment_506192\" style=\"width: 560px\" class=\"wp-caption alignnone\"><img aria-describedby=\"caption-attachment-506192\" decoding=\"async\" loading=\"lazy\" class=\"wp-image-506192 size-full\" src=\"https:\/\/www.futboltotal.com.mx\/wp-content\/uploads\/2017\/10\/the-best.jpg\" alt=\"La gala estuvo llena de humor\" srcset=\"http:\/\/desarrollo.grupomedios.com\/futbol\/wp-content\/uploads\/2017\/10\/the-best.jpg 550w, http:\/\/desarrollo.grupomedios.com\/futbol\/wp-content\/uploads\/2017\/10\/the-best-300x198.jpg 300w\" sizes=\"(max-width: 550px) 100vw, 550px\" \/><p id=\"caption-attachment-506192\" class=\"wp-caption-text\">Los memes de The Best no tuvieron piedad<\/p><\/div>\n<p style=\"text-align: center;\"><a href=\"https:\/\/www.futboltotal.com.mx\/futbol-internacional\/chelsea-ya-tiene-en-su-agenda-a-gareth-bale\/2017\/10\" target=\"_blank\" rel=\"noopener\">VER M\u00c1S: Gareth Bale ya entr\u00f3 en la agenda del Chelsea<\/a><\/p>\n","protected":false},"excerpt":{"rendered":"<p>El lateral se llev\u00f3 las risas de la noche <\/p>\n","protected":false},"author":159,"featured_media":506184,"comment_status":"closed","ping_status":"closed","sticky":false,"template":"","format":"standard","meta":[],"categories":[7570,3839],"tags":[6009,5983,4949,114,7588],"_links":{"self":[{"href":"http:\/\/desarrollo.grupomedios.com\/futbol\/wp-json\/wp\/v2\/posts\/506183"}],"collection":[{"href":"http:\/\/desarrollo.grupomedios.com\/futbol\/wp-json\/wp\/v2\/posts"}],"about":[{"href":"http:\/\/desarrollo.grupomedios.com\/futbol\/wp-json\/wp\/v2\/types\/post"}],"author":[{"embeddable":true,"href":"http:\/\/desarrollo.grupomedios.com\/futbol\/wp-json\/wp\/v2\/users\/159"}],"replies":[{"embeddable":true,"href":"http:\/\/desarrollo.grupomedios.com\/futbol\/wp-json\/wp\/v2\/comments?post=506183"}],"version-history":[{"count":4,"href":"http:\/\/desarrollo.grupomedios.com\/futbol\/wp-json\/wp\/v2\/posts\/506183\/revisions"}],"predecessor-version":[{"id":506194,"href":"http:\/\/desarrollo.grupomedios.com\/futbol\/wp-json\/wp\/v2\/posts\/506183\/revisions\/506194"}],"wp:featuredmedia":[{"embeddable":true,"href":"http:\/\/desarrollo.grupomedios.com\/futbol\/wp-json\/wp\/v2\/media\/506184"}],"wp:attachment":[{"href":"http:\/\/desarrollo.grupomedios.com\/futbol\/wp-json\/wp\/v2\/media?parent=506183"}],"wp:term":[{"taxonomy":"category","embeddable":true,"href":"http:\/\/desarrollo.grupomedios.com\/futbol\/wp-json\/wp\/v2\/categories?post=506183"},{"taxonomy":"post_tag","embeddable":true,"href":"http:\/\/desarrollo.grupomedios.com\/futbol\/wp-json\/wp\/v2\/tags?post=506183"}],"curies":[{"name":"wp","href":"https:\/\/api.w.org\/{rel}","templated":true}]}}