{"id":506211,"date":"2017-10-23T22:33:48","date_gmt":"2017-10-24T03:33:48","guid":{"rendered":"https:\/\/www.futboltotal.com.mx\/?p=506211"},"modified":"2017-10-23T22:33:48","modified_gmt":"2017-10-24T03:33:48","slug":"leon-vs-queretaro-copa-mx-previo","status":"publish","type":"post","link":"http:\/\/desarrollo.grupomedios.com\/futbol\/futbol-mexicano\/leon-vs-queretaro-copa-mx-previo\/2017\/10","title":{"rendered":"Le\u00f3n vs Quer\u00e9taro, los Gallos van como v\u00edctima"},"content":{"rendered":"<p><strong>Le\u00f3n y Quer\u00e9taro<\/strong> se enfrentan en la <strong>Copa MX<\/strong> en el antes llamado\u00a0\u00a0&#8220;Estadio\u00a0<em>Nou Camp<\/em>&#8221; en punto de las 21:06 horas por los octavos de final. Le\u00f3n vive un momento estable con su nuevo estratega y<strong> Gallos<\/strong> est\u00e1 a la deriva luego de ser el sotanero en el torneo local.<\/p>\n<p>Los <strong>Panzas Verdes<\/strong> llegan luego de un empate sin goles ante Monarcas y aunque no han logrado ganar en sus dos \u00faltimos encuentros se mantienen como sexto lugar de la tabla general y gozan de un buen funcionamiento. Adem\u00e1s tienen en <strong>Mauro Boselli<\/strong> su arma m\u00e1s importante al frente, pues el delantero va como l\u00edder de goleo en el Apertura 2017.<\/p>\n<p style=\"text-align: center;\"><a href=\"https:\/\/www.futboltotal.com.mx\/futbol-internacional\/neymar-quiere-a-zinedine-zidane-psg\/2017\/10\" target=\"_blank\" rel=\"noopener\">VER M\u00c1S: Neymar desea a Zidane como DT del PSG<\/a><\/p>\n<p>Gallos por su parte vive un momento complicado, es \u00faltimo lugar de la tabla general y no ganan en sus \u00faltimos nueve partidos. Su estratega, <strong>Jaime Lozano<\/strong> fue destituido de su cargo y <strong>Luis Fernando Tena<\/strong> ser\u00e1 el encargado de tomar las riendas, debutar\u00e1 ante un duelo de fase definitiva de Copa MX, un triunfo que se ve complicado para los Gallos.<\/p>\n<p>Ambos equipos viven realidades distintas, por lo que se espera un duelo disparejo, ya que los de <strong>Guanajuato<\/strong> parecen haber encontrado su rumbo con el plantel y cuerpo t\u00e9cnico actual, mientras que con los de Quer\u00e9taro habr\u00e1 que comenzar de cero y se reestructurar\u00e1n en los pr\u00f3ximos duelos.<\/p>\n<p style=\"text-align: center;\"><a href=\"https:\/\/www.futboltotal.com.mx\/futbol-mexicano\/leicester-city-iria-matias-almeyda\/2017\/10\" target=\"_blank\" rel=\"noopener\">VER M\u00c1S: Mat\u00edas Almeyda suena para el Leicester City<\/a><\/p>\n","protected":false},"excerpt":{"rendered":"<p>Los Gallos tienen un panorama complicado<\/p>\n","protected":false},"author":159,"featured_media":506212,"comment_status":"closed","ping_status":"closed","sticky":false,"template":"","format":"standard","meta":[],"categories":[2198,3845],"tags":[285,4256,5965,5970],"_links":{"self":[{"href":"http:\/\/desarrollo.grupomedios.com\/futbol\/wp-json\/wp\/v2\/posts\/506211"}],"collection":[{"href":"http:\/\/desarrollo.grupomedios.com\/futbol\/wp-json\/wp\/v2\/posts"}],"about":[{"href":"http:\/\/desarrollo.grupomedios.com\/futbol\/wp-json\/wp\/v2\/types\/post"}],"author":[{"embeddable":true,"href":"http:\/\/desarrollo.grupomedios.com\/futbol\/wp-json\/wp\/v2\/users\/159"}],"replies":[{"embeddable":true,"href":"http:\/\/desarrollo.grupomedios.com\/futbol\/wp-json\/wp\/v2\/comments?post=506211"}],"version-history":[{"count":1,"href":"http:\/\/desarrollo.grupomedios.com\/futbol\/wp-json\/wp\/v2\/posts\/506211\/revisions"}],"predecessor-version":[{"id":506213,"href":"http:\/\/desarrollo.grupomedios.com\/futbol\/wp-json\/wp\/v2\/posts\/506211\/revisions\/506213"}],"wp:featuredmedia":[{"embeddable":true,"href":"http:\/\/desarrollo.grupomedios.com\/futbol\/wp-json\/wp\/v2\/media\/506212"}],"wp:attachment":[{"href":"http:\/\/desarrollo.grupomedios.com\/futbol\/wp-json\/wp\/v2\/media?parent=506211"}],"wp:term":[{"taxonomy":"category","embeddable":true,"href":"http:\/\/desarrollo.grupomedios.com\/futbol\/wp-json\/wp\/v2\/categories?post=506211"},{"taxonomy":"post_tag","embeddable":true,"href":"http:\/\/desarrollo.grupomedios.com\/futbol\/wp-json\/wp\/v2\/tags?post=506211"}],"curies":[{"name":"wp","href":"https:\/\/api.w.org\/{rel}","templated":true}]}}