{"id":506214,"date":"2017-10-24T09:00:16","date_gmt":"2017-10-24T14:00:16","guid":{"rendered":"https:\/\/www.futboltotal.com.mx\/?p=506214"},"modified":"2017-10-24T09:00:16","modified_gmt":"2017-10-24T14:00:16","slug":"chivas-estuvo-cerca-fichar-a-carlos-vela","status":"publish","type":"post","link":"http:\/\/desarrollo.grupomedios.com\/futbol\/destacado-home\/chivas-estuvo-cerca-fichar-a-carlos-vela\/2017\/10","title":{"rendered":"Chivas estuvo muy cerca de fichar a Carlos Vela"},"content":{"rendered":"<p><strong>POR: STAFF FT<\/strong><\/p>\n<p>El CEO de <strong>Grupo Omnilife-Chivas<\/strong>,\u00a0<b>Jos\u00e9 Luis Higuera,\u00a0<\/b>revel\u00f3 que la directiva rojiblanca intent\u00f3 y estuvo muy cerca de lograr fichar al delantero mexicano, <strong>Carlos Vela<\/strong>, para reforzar al Reba\u00f1o, sin embargo, el impedimento que encontraron para lograrlo ante la diferencia econ\u00f3mica que existe entre un equipo de <strong>Los \u00c1ngeles<\/strong> en la <strong>MLS<\/strong> y La <strong>Liga MX.<\/strong><\/p>\n<blockquote><p>\u201cSe contact\u00f3 a\u00a0<b>Vela\u00a0<\/b>y estuvimos muy cerca. \u00bfQu\u00e9 pas\u00f3? Si te lo ganan no hay mucho qu\u00e9 hacer. Hay que ser sinceros, no podemos competir con el poder\u00edo econ\u00f3mico de la\u00a0<b>MLS<\/b>\u201d, expres\u00f3 el directivo en una entrevista para ESPN. Por otro lado, de igual forma indic\u00f3 que en este mercado de fichajes tuvieron contacto con otros futbolistas.<\/p><\/blockquote>\n<p><b>Javier Aquino,<\/b>\u00a0mediocampista de<strong> Tigres<\/strong> fue uno de ellos, pero\u00a0 no quiso jugar para\u00a0<b>Chivas,<\/b>\u00a0de igual forma se contact\u00f3 con\u00a0<b>H\u00e9ctor Moreno,\u00a0<\/b>sin embargo el defensa central no deseaba dejar en Europa:\u00a0\u201c\u00bfA los 27 a\u00f1os cambiar\u00edas\u00a0<b>Roma\u00a0<\/b>por\u00a0<b>Guadalajara<\/b>?<b>\u00a0Mat\u00edas<\/b>\u00a0ha sido muy claro que no traigamos a alguien que no quiera venir\u201d, apunt\u00f3.<\/p>\n<p style=\"text-align: center;\"><a href=\"https:\/\/www.futboltotal.com.mx\/futbol-mexicano\/leicester-city-iria-matias-almeyda\/2017\/10\" target=\"_blank\" rel=\"noopener\">VER M\u00c1S: Mat\u00edas Almeyda est\u00e1 en la mira del Leicester City<\/a><\/p>\n<p>Por otro lado, aclar\u00f3 que el jugador, hoy de <strong>LA Galaxy<\/strong>,\u00a0\u00a0<b>Jonathan dos Santos,\u00a0<\/b>no fue buscado en ning\u00fan momento para incorporarse a Chivas como refuerzo, pues no estaba en la lista de posibles refuerzos que entreg\u00f3 el estratega, <strong>Mat\u00edas Almeyda<\/strong> a la directiva del <strong>Reba\u00f1o<\/strong>. Por \u00faltimo el directivo estableci\u00f3 que este torneo se trat\u00f3 de la primera ocasi\u00f3n en que no lograron cumplir con los refuerzos que pidi\u00f3 el entrenador de los Rojiblancos.<\/p>\n<p>Adem\u00e1s habl\u00f3 de lo sucedido con el delantero <strong>Alan Pulido<\/strong>, quien en la noche del domingo estrell\u00f3 su autom\u00f3vil e Higuera defendi\u00f3 la versi\u00f3n que indica el futbolista que no iba alcoholizado.<\/p>\n<p>&#8220;Mientras el equipo estaba en<b>\u00a0Veracruz,<\/b>\u00a0\u00e9l estaba en fase de rehabilitaci\u00f3n, no tra\u00eda en nuestro conocimiento y le creo al jugador, iba manejando alguien m\u00e1s y chocaron.<\/p>\n<p>\u201cSi no toma no est\u00e1 infringiendo la parte deportiva. No va a jugar, tiene semana y media, se les da la libertad de ser m\u00e1s flexibles\u201d, expres\u00f3.<\/p>\n<p style=\"text-align: center;\"><a href=\"https:\/\/www.futboltotal.com.mx\/futbol-internacional\/neymar-quiere-a-zinedine-zidane-psg\/2017\/10\" target=\"_blank\" rel=\"noopener\">VER M\u00c1S: Neymar quiere a Zidane como DT del PSG<\/a><\/p>\n<p>&nbsp;<\/p>\n","protected":false},"excerpt":{"rendered":"<p>El Reba\u00f1o tambi\u00e9n busc\u00f3 al defensa central, H\u00e9ctor Moreno<\/p>\n","protected":false},"author":159,"featured_media":506216,"comment_status":"closed","ping_status":"closed","sticky":false,"template":"","format":"standard","meta":[],"categories":[5,2198,3845],"tags":[6048,70,7368,64,195],"_links":{"self":[{"href":"http:\/\/desarrollo.grupomedios.com\/futbol\/wp-json\/wp\/v2\/posts\/506214"}],"collection":[{"href":"http:\/\/desarrollo.grupomedios.com\/futbol\/wp-json\/wp\/v2\/posts"}],"about":[{"href":"http:\/\/desarrollo.grupomedios.com\/futbol\/wp-json\/wp\/v2\/types\/post"}],"author":[{"embeddable":true,"href":"http:\/\/desarrollo.grupomedios.com\/futbol\/wp-json\/wp\/v2\/users\/159"}],"replies":[{"embeddable":true,"href":"http:\/\/desarrollo.grupomedios.com\/futbol\/wp-json\/wp\/v2\/comments?post=506214"}],"version-history":[{"count":1,"href":"http:\/\/desarrollo.grupomedios.com\/futbol\/wp-json\/wp\/v2\/posts\/506214\/revisions"}],"predecessor-version":[{"id":506217,"href":"http:\/\/desarrollo.grupomedios.com\/futbol\/wp-json\/wp\/v2\/posts\/506214\/revisions\/506217"}],"wp:featuredmedia":[{"embeddable":true,"href":"http:\/\/desarrollo.grupomedios.com\/futbol\/wp-json\/wp\/v2\/media\/506216"}],"wp:attachment":[{"href":"http:\/\/desarrollo.grupomedios.com\/futbol\/wp-json\/wp\/v2\/media?parent=506214"}],"wp:term":[{"taxonomy":"category","embeddable":true,"href":"http:\/\/desarrollo.grupomedios.com\/futbol\/wp-json\/wp\/v2\/categories?post=506214"},{"taxonomy":"post_tag","embeddable":true,"href":"http:\/\/desarrollo.grupomedios.com\/futbol\/wp-json\/wp\/v2\/tags?post=506214"}],"curies":[{"name":"wp","href":"https:\/\/api.w.org\/{rel}","templated":true}]}}