{"id":506218,"date":"2017-10-24T09:18:15","date_gmt":"2017-10-24T14:18:15","guid":{"rendered":"https:\/\/www.futboltotal.com.mx\/?p=506218"},"modified":"2017-10-24T09:18:53","modified_gmt":"2017-10-24T14:18:53","slug":"real-madrid-tendria-pagar-250-mde-harry-kane","status":"publish","type":"post","link":"http:\/\/desarrollo.grupomedios.com\/futbol\/futbol-internacional\/real-madrid-tendria-pagar-250-mde-harry-kane\/2017\/10","title":{"rendered":"Real Madrid tendr\u00eda que pagar 250 mde por Harry Kane"},"content":{"rendered":"<p><strong>POR: STAFF FT<\/strong><\/p>\n<p><b>Florentino P\u00e9rez<\/b>, presidente del <strong>Real Madrid<\/strong>, consider\u00f3 que intentar hacerse con los servicios del delantero estrella del T<strong>ottenham Hotspur<\/strong>,\u00a0<b>Harry Kane,\u00a0<\/b>le\u00a0costar\u00eda <strong>250 millones de euros<\/strong>, es decir, cerca de <strong>293 millones de d\u00f3lares<\/strong>. Sin embargo, respecto a una negociaci\u00f3n con el presidente de los Spurs,\u00a0<strong>Daniel Levy<\/strong>, prefiri\u00f3 mantenerse cauto.<\/p>\n<p>El delantero ingl\u00e9s tiene <strong>13 goles<\/strong> en<strong> 12 partidos <\/strong>esta temporada y se ha convertido en el principal rumor de los merengues para reforzar su ataque, luego de la falta de gol que han vivido los blancos en partidos recientes. Esta no ser\u00eda la primera vez que Real Madrid y Tottenham se sientan a negociar pues\u00a0<strong>Luka Modric<\/strong> y <strong>Gareth Bale<\/strong> fueron transacciones entre los dos equipos.<\/p>\n<p style=\"text-align: center;\"><a href=\"https:\/\/www.futboltotal.com.mx\/futbol-mexicano\/leicester-city-iria-matias-almeyda\/2017\/10\" target=\"_blank\" rel=\"noopener\">VER M\u00c1S: Mat\u00edas Almeyda est\u00e1 en la \u00f3rbita del Leicester City<\/a><\/p>\n<p>&#8220;Creo que es un magn\u00edfico jugador y adem\u00e1s es joven, pero nosotros estamos encantados, no s\u00f3lo con Benzema, sino con todo el equipo que tenemos&#8221;, dijo P\u00e9rez a la radio Cadena &#8220;Cope&#8221; luego de asistir a la gala de los premios <strong>The Best de la FIFA<\/strong>. Adem\u00e1s adelant\u00f3 que Levy podr\u00eda retrasar el movimiento lo antes posible durante la ventana de traspasos para lograr un acuerdo superior a los <strong>222 millones de euros<\/strong> que pag\u00f3 el\u00a0<strong>Par\u00eds Saint-Germain<\/strong> al <strong>Barcelona<\/strong> por <strong>Neymar<\/strong>.<\/p>\n<p>&#8220;No (le he pedido precio), porque si pido por el precio me dice <strong>250 millones<\/strong>.\u00a0Con el Tottenham nos hemos hecho amigos\u00a0por el tiempo en que tardamos en fichar a Luka Modric y a Gareth Bale. Como fichamos a los dos en el ultimo d\u00eda del mercado y terminamos haciendo una buen amistad y el hombre (Levy) siempre cuando ganamos una <strong>Copa de Europa<\/strong> me dice lo mismo, <strong>muchas gracias por ganar la Copa de Europa con mis jugadores<\/strong>&#8220;, expres\u00f3 el presidente blanco.<\/p>\n<p style=\"text-align: center;\"><a href=\"https:\/\/www.futboltotal.com.mx\/futbol-mexicano\/chivas-estuvo-cerca-fichar-a-carlos-vela\/2017\/10\" target=\"_blank\" rel=\"noopener\">VER M\u00c1S: Chivas estuvo muy cerca de fichar a Carlos Vela<\/a><\/p>\n<div class=\"adunit Box, fluid HB - MT \" data-list-position=\"\"><\/div>\n","protected":false},"excerpt":{"rendered":"<p>El presidente merengue sabe que no ser\u00e1 f\u00e1cil fichar al ingl\u00e9s<\/p>\n","protected":false},"author":159,"featured_media":506221,"comment_status":"closed","ping_status":"closed","sticky":false,"template":"","format":"standard","meta":[],"categories":[7740,3839],"tags":[5925,5988,7017],"_links":{"self":[{"href":"http:\/\/desarrollo.grupomedios.com\/futbol\/wp-json\/wp\/v2\/posts\/506218"}],"collection":[{"href":"http:\/\/desarrollo.grupomedios.com\/futbol\/wp-json\/wp\/v2\/posts"}],"about":[{"href":"http:\/\/desarrollo.grupomedios.com\/futbol\/wp-json\/wp\/v2\/types\/post"}],"author":[{"embeddable":true,"href":"http:\/\/desarrollo.grupomedios.com\/futbol\/wp-json\/wp\/v2\/users\/159"}],"replies":[{"embeddable":true,"href":"http:\/\/desarrollo.grupomedios.com\/futbol\/wp-json\/wp\/v2\/comments?post=506218"}],"version-history":[{"count":2,"href":"http:\/\/desarrollo.grupomedios.com\/futbol\/wp-json\/wp\/v2\/posts\/506218\/revisions"}],"predecessor-version":[{"id":506223,"href":"http:\/\/desarrollo.grupomedios.com\/futbol\/wp-json\/wp\/v2\/posts\/506218\/revisions\/506223"}],"wp:featuredmedia":[{"embeddable":true,"href":"http:\/\/desarrollo.grupomedios.com\/futbol\/wp-json\/wp\/v2\/media\/506221"}],"wp:attachment":[{"href":"http:\/\/desarrollo.grupomedios.com\/futbol\/wp-json\/wp\/v2\/media?parent=506218"}],"wp:term":[{"taxonomy":"category","embeddable":true,"href":"http:\/\/desarrollo.grupomedios.com\/futbol\/wp-json\/wp\/v2\/categories?post=506218"},{"taxonomy":"post_tag","embeddable":true,"href":"http:\/\/desarrollo.grupomedios.com\/futbol\/wp-json\/wp\/v2\/tags?post=506218"}],"curies":[{"name":"wp","href":"https:\/\/api.w.org\/{rel}","templated":true}]}}