{"id":506232,"date":"2017-10-24T10:02:58","date_gmt":"2017-10-24T15:02:58","guid":{"rendered":"https:\/\/www.futboltotal.com.mx\/?p=506232"},"modified":"2017-10-24T10:02:58","modified_gmt":"2017-10-24T15:02:58","slug":"asi-fue-golazo-cristiano-jr-la-reaccion-padre","status":"publish","type":"post","link":"http:\/\/desarrollo.grupomedios.com\/futbol\/videos\/asi-fue-golazo-cristiano-jr-la-reaccion-padre\/2017\/10","title":{"rendered":"As\u00ed fue el golazo de Cristiano JR. y la reacci\u00f3n de su padre"},"content":{"rendered":"<p><strong>Cristiano Jr,<\/strong> hijo de <strong>Cristiano Ronaldo<\/strong>, parece que ha sacado todas las condiciones del delantero del <strong>Real Madrid<\/strong>, pues el hijo del portugu\u00e9s se avent\u00f3 un golazo desde la mitad de cancha en un partido infantil.<\/p>\n<p>Fue el mismo Cristiano quien grab\u00f3 la anotaci\u00f3n de su peque\u00f1o y la comparti\u00f3 en su cuenta de Instagram, pues seguro record\u00f3 alguno de los grandes goles que ha marcado en su carrera.<\/p>\n<p><strong>CR7 Jr<\/strong>. tom\u00f3 el bal\u00f3n tras un rebote y sin pensarlo sac\u00f3 un zapatazo para poner el bal\u00f3n en las redes. En el fondo, se escuch\u00f3 un \u2018wow\u2019 de su padre.<\/p>\n<p style=\"text-align: center;\"><span style=\"color: #3366ff;\"><a href=\"https:\/\/www.futboltotal.com.mx\/futbol-mexicano\/chivas-estuvo-cerca-fichar-a-carlos-vela\/2017\/10\">VER M\u00c1S: Chivas estuvo muy cerca de fichar a Carlos Vela<\/a><\/span><\/p>\n<blockquote class=\"instagram-media\" style=\"background: #FFF; border: 0; border-radius: 3px; box-shadow: 0 0 1px 0 rgba(0,0,0,0.5),0 1px 10px 0 rgba(0,0,0,0.15); margin: 1px; max-width: 658px; padding: 0; width: calc(100% - 2px);\" data-instgrm-version=\"7\">\n<div style=\"padding: 8px;\">\n<div style=\"background: #F8F8F8; line-height: 0; margin-top: 40px; padding: 50.0% 0; text-align: center; width: 100%;\"><\/div>\n<p style=\"color: #c9c8cd; font-family: Arial,sans-serif; font-size: 14px; line-height: 17px; margin-bottom: 0; margin-top: 8px; overflow: hidden; padding: 8px 0 7px; text-align: center; text-overflow: ellipsis; white-space: nowrap;\"><a style=\"color: #c9c8cd; font-family: Arial,sans-serif; font-size: 14px; font-style: normal; font-weight: normal; line-height: 17px; text-decoration: none;\" href=\"https:\/\/www.instagram.com\/p\/BagdW4FFMox\/\" target=\"_blank\" rel=\"noopener\">A post shared by Cristiano Ronaldo (@cristiano)<\/a> on <time style=\"font-family: Arial,sans-serif; font-size: 14px; line-height: 17px;\" datetime=\"2017-10-21T10:45:59+00:00\">Oct 21, 2017 at 3:45am PDT<\/time><\/p>\n<\/div>\n<\/blockquote>\n<p><script async defer src=\"\/\/platform.instagram.com\/en_US\/embeds.js\"><\/script><\/p>\n","protected":false},"excerpt":{"rendered":"<p>Mira la anotaci\u00f3n del hijo de CR7.<\/p>\n","protected":false},"author":129,"featured_media":506235,"comment_status":"closed","ping_status":"closed","sticky":false,"template":"","format":"standard","meta":[],"categories":[3839,4],"tags":[10822,6013,6214,5789],"_links":{"self":[{"href":"http:\/\/desarrollo.grupomedios.com\/futbol\/wp-json\/wp\/v2\/posts\/506232"}],"collection":[{"href":"http:\/\/desarrollo.grupomedios.com\/futbol\/wp-json\/wp\/v2\/posts"}],"about":[{"href":"http:\/\/desarrollo.grupomedios.com\/futbol\/wp-json\/wp\/v2\/types\/post"}],"author":[{"embeddable":true,"href":"http:\/\/desarrollo.grupomedios.com\/futbol\/wp-json\/wp\/v2\/users\/129"}],"replies":[{"embeddable":true,"href":"http:\/\/desarrollo.grupomedios.com\/futbol\/wp-json\/wp\/v2\/comments?post=506232"}],"version-history":[{"count":1,"href":"http:\/\/desarrollo.grupomedios.com\/futbol\/wp-json\/wp\/v2\/posts\/506232\/revisions"}],"predecessor-version":[{"id":506236,"href":"http:\/\/desarrollo.grupomedios.com\/futbol\/wp-json\/wp\/v2\/posts\/506232\/revisions\/506236"}],"wp:featuredmedia":[{"embeddable":true,"href":"http:\/\/desarrollo.grupomedios.com\/futbol\/wp-json\/wp\/v2\/media\/506235"}],"wp:attachment":[{"href":"http:\/\/desarrollo.grupomedios.com\/futbol\/wp-json\/wp\/v2\/media?parent=506232"}],"wp:term":[{"taxonomy":"category","embeddable":true,"href":"http:\/\/desarrollo.grupomedios.com\/futbol\/wp-json\/wp\/v2\/categories?post=506232"},{"taxonomy":"post_tag","embeddable":true,"href":"http:\/\/desarrollo.grupomedios.com\/futbol\/wp-json\/wp\/v2\/tags?post=506232"}],"curies":[{"name":"wp","href":"https:\/\/api.w.org\/{rel}","templated":true}]}}