{"id":506250,"date":"2017-10-24T11:10:17","date_gmt":"2017-10-24T16:10:17","guid":{"rendered":"https:\/\/www.futboltotal.com.mx\/?p=506250"},"modified":"2017-10-24T11:10:51","modified_gmt":"2017-10-24T16:10:51","slug":"ac-milan-termina-relacion-adidas-luego-20-anos","status":"publish","type":"post","link":"http:\/\/desarrollo.grupomedios.com\/futbol\/futbol-internacional\/ac-milan-termina-relacion-adidas-luego-20-anos\/2017\/10","title":{"rendered":"El AC Milan termina su relaci\u00f3n con adidas luego de 20 a\u00f1os"},"content":{"rendered":"<p><strong>POR: STAFF FT<\/strong><\/p>\n<p>Los cambios al interior del <strong>AC Milan<\/strong> siguen dentro y fuera del campo, luego de que el conjunto &#8216;<strong>rossonero<\/strong>&#8216; haya llegado a un con la marca deportiva alemana <strong>adidas<\/strong> para concluir su acuerdo de patrocinio luego de <strong>20 a\u00f1os<\/strong> juntos.<\/p>\n<p>&#8220;adidas confirm\u00f3 que su contrato con el AC Mil\u00e1n finalizar\u00e1 luego de la temporada 2017-18. Esto se debe a un acuerdo de ambas partes a finalizar prematuramente el contrato existente&#8221;, fue el texto brindado por la marca de las tres franjas en un comunicado.<\/p>\n<p style=\"text-align: center;\"><a href=\"https:\/\/www.futboltotal.com.mx\/futbol-internacional\/real-madrid-tendria-pagar-250-mde-harry-kane\/2017\/10\" target=\"_blank\" rel=\"noopener\"><span style=\"color: #333399;\">VER M\u00c1S: Real Madrid tendr\u00eda que pagar por Harry Kane 250 mde<\/span><\/a><\/p>\n<p>Los caminos del conjunto italiano y de adidas se unieron inicialmente en 1998, durante una \u00e9poca en la que el equipo tuvo en su plantilla a figuras como <strong>Clarence Seedorf<\/strong>, <strong>Caf\u00fa<\/strong>, <strong>David Beckham<\/strong> y <strong>Kak\u00e1<\/strong>; adem\u00e1s, en 2013 acordaron una renovaci\u00f3n por 10 a\u00f1os m\u00e1s a cambio de <strong>235 millones de d\u00f3lares<\/strong>.<\/p>\n<p>Sin embargo, reportes de la prensa italiana indican que el Milan ha alcanzado un acuerdo con <strong>Puma<\/strong>, la otra marca deportiva alemana competencia de adidas.<\/p>\n<p>Asimismo, el momento deportivo que viven los &#8216;<strong>rossoneri<\/strong>&#8216; no ayud\u00f3 para que adidas intentara mantener el acuerdo, pues ni los nuevos due\u00f1os chinos del club y su inversi\u00f3n en fichajes de alrededor de <strong>230 millones de euros<\/strong> han podido cambiar la cara del conjunto italiano.<\/p>\n","protected":false},"excerpt":{"rendered":"<p>Los &#8216;Rossoneri&#8217; dejar\u00e1n de ser vestidos por esta marca al final de la temporada 2017-18.<\/p>\n","protected":false},"author":154,"featured_media":506251,"comment_status":"closed","ping_status":"closed","sticky":false,"template":"","format":"standard","meta":[],"categories":[3839,3848],"tags":[1630,1560,4838,7710],"_links":{"self":[{"href":"http:\/\/desarrollo.grupomedios.com\/futbol\/wp-json\/wp\/v2\/posts\/506250"}],"collection":[{"href":"http:\/\/desarrollo.grupomedios.com\/futbol\/wp-json\/wp\/v2\/posts"}],"about":[{"href":"http:\/\/desarrollo.grupomedios.com\/futbol\/wp-json\/wp\/v2\/types\/post"}],"author":[{"embeddable":true,"href":"http:\/\/desarrollo.grupomedios.com\/futbol\/wp-json\/wp\/v2\/users\/154"}],"replies":[{"embeddable":true,"href":"http:\/\/desarrollo.grupomedios.com\/futbol\/wp-json\/wp\/v2\/comments?post=506250"}],"version-history":[{"count":2,"href":"http:\/\/desarrollo.grupomedios.com\/futbol\/wp-json\/wp\/v2\/posts\/506250\/revisions"}],"predecessor-version":[{"id":506261,"href":"http:\/\/desarrollo.grupomedios.com\/futbol\/wp-json\/wp\/v2\/posts\/506250\/revisions\/506261"}],"wp:featuredmedia":[{"embeddable":true,"href":"http:\/\/desarrollo.grupomedios.com\/futbol\/wp-json\/wp\/v2\/media\/506251"}],"wp:attachment":[{"href":"http:\/\/desarrollo.grupomedios.com\/futbol\/wp-json\/wp\/v2\/media?parent=506250"}],"wp:term":[{"taxonomy":"category","embeddable":true,"href":"http:\/\/desarrollo.grupomedios.com\/futbol\/wp-json\/wp\/v2\/categories?post=506250"},{"taxonomy":"post_tag","embeddable":true,"href":"http:\/\/desarrollo.grupomedios.com\/futbol\/wp-json\/wp\/v2\/tags?post=506250"}],"curies":[{"name":"wp","href":"https:\/\/api.w.org\/{rel}","templated":true}]}}