{"id":506259,"date":"2017-10-24T11:34:48","date_gmt":"2017-10-24T16:34:48","guid":{"rendered":"https:\/\/www.futboltotal.com.mx\/?p=506259"},"modified":"2017-10-24T11:34:48","modified_gmt":"2017-10-24T16:34:48","slug":"america-daria-salida-a-uno-sus-paraguayos-en-diciembre","status":"publish","type":"post","link":"http:\/\/desarrollo.grupomedios.com\/futbol\/futbol-mexicano\/america-daria-salida-a-uno-sus-paraguayos-en-diciembre\/2017\/10","title":{"rendered":"Am\u00e9rica dar\u00eda salida a uno de sus paraguayos en diciembre"},"content":{"rendered":"<p>A pesar de que el Am\u00e9rica est\u00e1 teniendo un gran torneo en el <strong>Apertura 2017<\/strong>, donde se encuentran en segundo lugar de la <strong>Tabla General<\/strong> por debajo de <strong>Monterrey,<\/strong> los azucremas ya tendr\u00edan cambios para el pr\u00f3ximo mercado de invierno y uno de los paraguayos estar\u00eda fuera del equipo.<\/p>\n<p>Seg\u00fan informa la columna de <em>El Francotirador del Diario R\u00e9cord<\/em> , el lateral izquierdo de las <strong>\u00c1guilas<\/strong>, <strong>Miguel Samudio<\/strong>, estar\u00eda dejando el club para el torneo de <strong>Clausura 2018<\/strong> ya que termina su contrato con el equipo de <strong>Miguel Herrera<\/strong> y hasta ahora no se ha buscado negociar la continuidad del guaran\u00ed.<\/p>\n<p style=\"text-align: center;\"><span style=\"color: #3366ff;\"><a href=\"https:\/\/www.futboltotal.com.mx\/futbol-mexicano\/liga-mx\/te-acuerdas-cruz-azul-eliminando-al-america-en-copa-mx\/2017\/10\">VER M\u00c1S: \u00bfTe acuerdas de\u2026 Cruz Azul eliminando al Am\u00e9rica en Copa MX?<\/a><\/span><\/p>\n<p>Este torneo Samudio no ha tenido su mejor participaci\u00f3n con Am\u00e9rica y ha sido criticado en algunas ocasiones, incluso qued\u00f3 fuera de la convocatoria de los de coapa ante <strong>Cruz Azul<\/strong> en la <strong>Copa MX<\/strong>.<\/p>\n<p>Adem\u00e1s, otro de los motivos por los que el paraguayo saldr\u00eda del club, es que las \u00c1guilas tienen ya varios extranjeros en la plantilla, aunque no se dudar\u00eda que pueda llegar otro.<\/p>\n<p style=\"text-align: center;\"><span style=\"color: #3366ff;\"><a href=\"https:\/\/www.futboltotal.com.mx\/futbol-internacional\/nuevo-duelo-cristiano-messi-incluye-a-sus-parejas-georgina-antonella\/2017\/10\">VER M\u00c1S: El nuevo duelo de Cristiano y Messi que incluye a sus parejas, Georgina y Antonella<\/a><\/span><\/p>\n<p><img decoding=\"async\" loading=\"lazy\" class=\"size-full wp-image-506263 aligncenter\" src=\"https:\/\/www.futboltotal.com.mx\/wp-content\/uploads\/2017\/10\/Screen-Shot-2017-10-24-at-11.04.53-AM.png\" alt=\"Am\u00e9rica dar\u00eda salida a uno de sus paraguayos en diciembre 0\" srcset=\"http:\/\/desarrollo.grupomedios.com\/futbol\/wp-content\/uploads\/2017\/10\/Screen-Shot-2017-10-24-at-11.04.53-AM.png 628w, http:\/\/desarrollo.grupomedios.com\/futbol\/wp-content\/uploads\/2017\/10\/Screen-Shot-2017-10-24-at-11.04.53-AM-300x120.png 300w\" sizes=\"(max-width: 628px) 100vw, 628px\" \/><\/p>\n","protected":false},"excerpt":{"rendered":"<p>Las \u00c1guilas estar\u00edan dando de baja a uno de sus extanjeros.<\/p>\n","protected":false},"author":129,"featured_media":506264,"comment_status":"closed","ping_status":"closed","sticky":false,"template":"","format":"standard","meta":[],"categories":[2198,3845],"tags":[1585,5959,9028,5962,3883,64,6555,664],"_links":{"self":[{"href":"http:\/\/desarrollo.grupomedios.com\/futbol\/wp-json\/wp\/v2\/posts\/506259"}],"collection":[{"href":"http:\/\/desarrollo.grupomedios.com\/futbol\/wp-json\/wp\/v2\/posts"}],"about":[{"href":"http:\/\/desarrollo.grupomedios.com\/futbol\/wp-json\/wp\/v2\/types\/post"}],"author":[{"embeddable":true,"href":"http:\/\/desarrollo.grupomedios.com\/futbol\/wp-json\/wp\/v2\/users\/129"}],"replies":[{"embeddable":true,"href":"http:\/\/desarrollo.grupomedios.com\/futbol\/wp-json\/wp\/v2\/comments?post=506259"}],"version-history":[{"count":1,"href":"http:\/\/desarrollo.grupomedios.com\/futbol\/wp-json\/wp\/v2\/posts\/506259\/revisions"}],"predecessor-version":[{"id":506265,"href":"http:\/\/desarrollo.grupomedios.com\/futbol\/wp-json\/wp\/v2\/posts\/506259\/revisions\/506265"}],"wp:featuredmedia":[{"embeddable":true,"href":"http:\/\/desarrollo.grupomedios.com\/futbol\/wp-json\/wp\/v2\/media\/506264"}],"wp:attachment":[{"href":"http:\/\/desarrollo.grupomedios.com\/futbol\/wp-json\/wp\/v2\/media?parent=506259"}],"wp:term":[{"taxonomy":"category","embeddable":true,"href":"http:\/\/desarrollo.grupomedios.com\/futbol\/wp-json\/wp\/v2\/categories?post=506259"},{"taxonomy":"post_tag","embeddable":true,"href":"http:\/\/desarrollo.grupomedios.com\/futbol\/wp-json\/wp\/v2\/tags?post=506259"}],"curies":[{"name":"wp","href":"https:\/\/api.w.org\/{rel}","templated":true}]}}