{"id":506262,"date":"2017-10-24T11:38:52","date_gmt":"2017-10-24T16:38:52","guid":{"rendered":"https:\/\/www.futboltotal.com.mx\/?p=506262"},"modified":"2017-10-24T11:39:37","modified_gmt":"2017-10-24T16:39:37","slug":"ac-milan-daria-salida-a-estos-6-futbolistas-por-malos-resultados","status":"publish","type":"post","link":"http:\/\/desarrollo.grupomedios.com\/futbol\/futbol-internacional\/ac-milan-daria-salida-a-estos-6-futbolistas-por-malos-resultados\/2017\/10","title":{"rendered":"AC Milan dar\u00eda salida a estos 6 futbolistas por malos resultados"},"content":{"rendered":"<p><strong>POR: STAFF FT<\/strong><\/p>\n<p>El <strong>AC Milan<\/strong> se convirti\u00f3 en uno de los principales protagonistas en el mercado de fichajes, realizaron compras millonarias para formar un equipo competitivo y que contendiera por el t\u00edtulo de la<strong> Serie A<\/strong> y el pase a la <strong>Champions League<\/strong>, sin embargo la temporada no ha sido lo que esperaban hasta ahora, est\u00e1 en mitad de la tabla y se encuentran a 12 puntos del l\u00edder, por lo que el proyecto se ha puesto en duda.<\/p>\n<p>De acuerdo a\u00a0CalcioMercato, de no lograr la calificaci\u00f3n para la Champions League, el cuadro<strong> Rossonero<\/strong> se ver\u00eda obligado a prescindir de algunas de sus estrellas, pues tendr\u00eda que\u00a0equilibrar las cuentas y evitar los millonarios sueldos de varios de estos futbolistas. El primer jugador que ver\u00eda su salida ser\u00eda el guardameta\u00a0<strong>Gianluigi Donnarumma,\u00a0<\/strong>que tiene entre sus pretendientes al\u00a0<strong>Paris Saint-Germain<\/strong>, B<strong>ayern M\u00fanich<\/strong> y <strong>Real Madrid<\/strong>.<\/p>\n<p style=\"text-align: center;\"><a href=\"https:\/\/www.futboltotal.com.mx\/futbol-internacional\/kevin-bruyne-sera-la-proxima-bomba-del-paris-saint-germain\/2017\/10\" target=\"_blank\" rel=\"noopener\">VER M\u00c1S: PSG va por estrella del Manchester City<\/a><\/p>\n<p>Otro jugador que se ver\u00eda obligado a dejar el equipo ser\u00eda el talentoso espa\u00f1ol, <strong>Suso<\/strong> quien tendr\u00eda toda la oportunidad para emigrar al <strong>Tottenham Hotspur<\/strong> quien ya lo ha tentado y estar\u00eda dispuesto a poner sobre la mesa <strong>25 millones de euros<\/strong>; por otra parte, el delantero de Portugal, <strong>Andr\u00e9 Silva<\/strong> ya tendr\u00eda toda la atenci\u00f3n del <strong>Arsenal<\/strong> para emigrar cuanto antes.<\/p>\n<p>Otros nombre que tambi\u00e9n tendr\u00edan las puertas abiertas son el turco,\u00a0<strong>Hakan Calhanoglu,\u00a0<\/strong>quien se sabe tiene cierto inter\u00e9s por parte del Barcelona. Por su parte, dos jugadores que podr\u00edan salir pero ser\u00eda complicado por sus fichas ser\u00edan\u00a0<strong>Andrea Conti<\/strong>\u00a0y\u00a0<strong>Leonardo Bonucci<\/strong>, aunque este \u00faltimo resultar\u00eda muy complicado, pues es dif\u00edcil que un equipo est\u00e9 dispuesto en invertir <strong>40 millones de euros<\/strong> para hacerse con sus servicios.<\/p>\n<p style=\"text-align: center;\"><a href=\"https:\/\/www.futboltotal.com.mx\/futbol-internacional\/neymar-quiere-a-zinedine-zidane-psg\/2017\/10\" target=\"_blank\" rel=\"noopener\">VER M\u00c1S: Neymar quiere a Zinedine Zidane como estratega del PSG<\/a><\/p>\n<p>&nbsp;<\/p>\n","protected":false},"excerpt":{"rendered":"<p>Los Rossoneros no est\u00e1n teniendo la temporada que esperaban en la Serie A<\/p>\n","protected":false},"author":159,"featured_media":506266,"comment_status":"closed","ping_status":"closed","sticky":false,"template":"","format":"standard","meta":[],"categories":[7740,3839],"tags":[1630,6195,10826,6832,6144,4102,5958,10825],"_links":{"self":[{"href":"http:\/\/desarrollo.grupomedios.com\/futbol\/wp-json\/wp\/v2\/posts\/506262"}],"collection":[{"href":"http:\/\/desarrollo.grupomedios.com\/futbol\/wp-json\/wp\/v2\/posts"}],"about":[{"href":"http:\/\/desarrollo.grupomedios.com\/futbol\/wp-json\/wp\/v2\/types\/post"}],"author":[{"embeddable":true,"href":"http:\/\/desarrollo.grupomedios.com\/futbol\/wp-json\/wp\/v2\/users\/159"}],"replies":[{"embeddable":true,"href":"http:\/\/desarrollo.grupomedios.com\/futbol\/wp-json\/wp\/v2\/comments?post=506262"}],"version-history":[{"count":2,"href":"http:\/\/desarrollo.grupomedios.com\/futbol\/wp-json\/wp\/v2\/posts\/506262\/revisions"}],"predecessor-version":[{"id":506268,"href":"http:\/\/desarrollo.grupomedios.com\/futbol\/wp-json\/wp\/v2\/posts\/506262\/revisions\/506268"}],"wp:featuredmedia":[{"embeddable":true,"href":"http:\/\/desarrollo.grupomedios.com\/futbol\/wp-json\/wp\/v2\/media\/506266"}],"wp:attachment":[{"href":"http:\/\/desarrollo.grupomedios.com\/futbol\/wp-json\/wp\/v2\/media?parent=506262"}],"wp:term":[{"taxonomy":"category","embeddable":true,"href":"http:\/\/desarrollo.grupomedios.com\/futbol\/wp-json\/wp\/v2\/categories?post=506262"},{"taxonomy":"post_tag","embeddable":true,"href":"http:\/\/desarrollo.grupomedios.com\/futbol\/wp-json\/wp\/v2\/tags?post=506262"}],"curies":[{"name":"wp","href":"https:\/\/api.w.org\/{rel}","templated":true}]}}