{"id":506270,"date":"2017-10-24T12:14:32","date_gmt":"2017-10-24T17:14:32","guid":{"rendered":"https:\/\/www.futboltotal.com.mx\/?p=506270"},"modified":"2017-10-24T12:15:29","modified_gmt":"2017-10-24T17:15:29","slug":"alan-pulido-de-fiesta-en-concierto-antes-de-accidente","status":"publish","type":"post","link":"http:\/\/desarrollo.grupomedios.com\/futbol\/futbol-mexicano\/alan-pulido-de-fiesta-en-concierto-antes-de-accidente\/2017\/10","title":{"rendered":"Alan Pulido, de fiesta en concierto antes de accidente"},"content":{"rendered":"<p><strong>POR: STAFF FT<\/strong><\/p>\n<p>Luego de unas horas del pol\u00e9mico accidente que vivi\u00f3 el delantero de<strong> Chivas de Guadalajara<\/strong>, <strong>Alan Pulido<\/strong>, se ha filtrado un video en el que el futbolista aparece en de fiesta en un concierto la noche del domingo, cuando el conjunto <strong>Rojiblanco<\/strong> estaba en pleno partido ante <strong>Veracruz<\/strong> en el <strong>Luis Pirata Fuente<\/strong>.<\/p>\n<p>De acuerdo a un video que se ha podido ver a trav\u00e9s de redes sociales, el delantero de 26 a\u00f1os, estuvo en el\u00a0foro Calle 2, ubicado en Zapopan, Jalisco para presenciar el concierto\u00a0del <strong>cantante puertorrique\u00f1o\u00a0<\/strong><em><strong>Bad Bunny<\/strong>,\u00a0<\/em>en el cual ocup\u00f3 un lugar dentro de la zona VIP, de acuerdo al locutor de La Poderosa de Le\u00f3n, <strong>Fabi\u00e1n Luna<\/strong>, quien estuvo presente en el evento.<\/p>\n<blockquote class=\"twitter-video\" data-lang=\"es\">\n<p dir=\"ltr\" lang=\"es\">Para los que decian que <a href=\"https:\/\/twitter.com\/hashtag\/Alan?src=hash&amp;ref_src=twsrc%5Etfw\">#Alan<\/a> <a href=\"https:\/\/twitter.com\/hashtag\/Pulido?src=hash&amp;ref_src=twsrc%5Etfw\">#Pulido<\/a> ayer se quedo en su casa dormido despues del <a href=\"https:\/\/twitter.com\/hashtag\/Veracruz?src=hash&amp;ref_src=twsrc%5Etfw\">#Veracruz<\/a> vs <a href=\"https:\/\/twitter.com\/hashtag\/Chivas?src=hash&amp;ref_src=twsrc%5Etfw\">#Chivas<\/a> <a href=\"https:\/\/t.co\/5KnEwxHZ7l\">pic.twitter.com\/5KnEwxHZ7l<\/a><\/p>\n<p>\u2014 Quien Mas!!!&#8230; (@fafoluna) <a href=\"https:\/\/twitter.com\/fafoluna\/status\/922645776840515585?ref_src=twsrc%5Etfw\">24 de octubre de 2017<\/a><\/p><\/blockquote>\n<p><script async src=\"\/\/platform.twitter.com\/widgets.js\" charset=\"utf-8\"><\/script><\/p>\n<p style=\"text-align: center;\"><a href=\"https:\/\/www.futboltotal.com.mx\/futbol-mexicano\/chivas-estuvo-cerca-fichar-a-carlos-vela\/2017\/10\" target=\"_blank\" rel=\"noopener\">VER M\u00c1S: La raz\u00f3n por la que Chivas no fich\u00f3 a Carlos Vela<\/a><\/p>\n<p>&#8220;Yo llegu\u00e9 con otros amigos y compr\u00e9 boletos VIP, <strong>costaban 700 pesos<\/strong> y me toc\u00f3 a un lado de \u00e9l; todos est\u00e1bamos parados, \u00e9l era el \u00fanico que sobresal\u00eda porque estaba sentado, era el \u00fanico que ten\u00eda mesa en ese lugar, con unos bancos y sillas muy grandes&#8221;, declar\u00f3 para el portal de ESPN.<\/p>\n<p>El concierto estaba programado para las 19:00 horas, sin embargo, arranc\u00f3 aproximadamente a las <strong>21:00 horas<\/strong>, momento en el que todav\u00eda se jugaba el partido en el puerto jarocho, al cual no pudo asistir por\u00a0sufrir una lesi\u00f3n en la pierna derecha: &#8220;fue de los primeros en llegar y <strong>el \u00faltimo en irse<\/strong>,<strong> ya se fue tarde<\/strong>, nos toc\u00f3 estar siempre ah\u00ed a un lado de \u00e9l&#8221;, manifest\u00f3 Luna, quien adem\u00e1s comparti\u00f3 diversas fotograf\u00edas a trav\u00e9s de su cuenta de Twitter.<\/p>\n<blockquote class=\"twitter-tweet\" data-lang=\"es\">\n<p dir=\"ltr\" lang=\"und\"><a href=\"https:\/\/twitter.com\/puliidooo?ref_src=twsrc%5Etfw\">@puliidooo<\/a> en <a href=\"https:\/\/twitter.com\/badbunnyPR?ref_src=twsrc%5Etfw\">@badbunnyPR<\/a> <a href=\"https:\/\/t.co\/k2kLLjsLTi\">pic.twitter.com\/k2kLLjsLTi<\/a><\/p>\n<p>\u2014 Quien Mas!!!&#8230; (@fafoluna) <a href=\"https:\/\/twitter.com\/fafoluna\/status\/922301082302337024?ref_src=twsrc%5Etfw\">23 de octubre de 2017<\/a><\/p><\/blockquote>\n<p><script async src=\"\/\/platform.twitter.com\/widgets.js\" charset=\"utf-8\"><\/script><\/p>\n<p>La fuente asegura que el concierto termin\u00f3 alrededor de las 23:30 y <strong>Pulido<\/strong> fue de los \u00faltimos en abandonar el recinto, sin escolta de ning\u00fan tipo e indic\u00f3 que el delantero iba al frente de su propio veh\u00edculo; sin embargo, el <strong>Reba\u00f1o<\/strong>, mediante un comunicado oficial, indic\u00f3 que el\u00a0delantero fue impactado por otro autom\u00f3vil que no respet\u00f3 una se\u00f1al de tr\u00e1nsito y asegur\u00f3 que <strong>Ignacio Alp\u00edzar V\u00e1zquez<\/strong>, acompa\u00f1ante del delantero, se encontraba al volante.<\/p>\n<p style=\"text-align: center;\"><a href=\"https:\/\/www.futboltotal.com.mx\/futbol-internacional\/ac-milan-daria-salida-a-estos-6-futbolistas-por-malos-resultados\/2017\/10\" target=\"_blank\" rel=\"noopener\">VER M\u00c1S: Los 6 futbolistas que dejar\u00edan al AC Milan al terminar la temporada<\/a><\/p>\n<p>&nbsp;<\/p>\n","protected":false},"excerpt":{"rendered":"<p>El delantero estuvo en un concierto hasta altas horas<\/p>\n","protected":false},"author":159,"featured_media":506274,"comment_status":"closed","ping_status":"closed","sticky":false,"template":"","format":"standard","meta":[],"categories":[2198,3845],"tags":[1607,8357,70,64],"_links":{"self":[{"href":"http:\/\/desarrollo.grupomedios.com\/futbol\/wp-json\/wp\/v2\/posts\/506270"}],"collection":[{"href":"http:\/\/desarrollo.grupomedios.com\/futbol\/wp-json\/wp\/v2\/posts"}],"about":[{"href":"http:\/\/desarrollo.grupomedios.com\/futbol\/wp-json\/wp\/v2\/types\/post"}],"author":[{"embeddable":true,"href":"http:\/\/desarrollo.grupomedios.com\/futbol\/wp-json\/wp\/v2\/users\/159"}],"replies":[{"embeddable":true,"href":"http:\/\/desarrollo.grupomedios.com\/futbol\/wp-json\/wp\/v2\/comments?post=506270"}],"version-history":[{"count":2,"href":"http:\/\/desarrollo.grupomedios.com\/futbol\/wp-json\/wp\/v2\/posts\/506270\/revisions"}],"predecessor-version":[{"id":506278,"href":"http:\/\/desarrollo.grupomedios.com\/futbol\/wp-json\/wp\/v2\/posts\/506270\/revisions\/506278"}],"wp:featuredmedia":[{"embeddable":true,"href":"http:\/\/desarrollo.grupomedios.com\/futbol\/wp-json\/wp\/v2\/media\/506274"}],"wp:attachment":[{"href":"http:\/\/desarrollo.grupomedios.com\/futbol\/wp-json\/wp\/v2\/media?parent=506270"}],"wp:term":[{"taxonomy":"category","embeddable":true,"href":"http:\/\/desarrollo.grupomedios.com\/futbol\/wp-json\/wp\/v2\/categories?post=506270"},{"taxonomy":"post_tag","embeddable":true,"href":"http:\/\/desarrollo.grupomedios.com\/futbol\/wp-json\/wp\/v2\/tags?post=506270"}],"curies":[{"name":"wp","href":"https:\/\/api.w.org\/{rel}","templated":true}]}}