{"id":506284,"date":"2017-10-24T14:10:54","date_gmt":"2017-10-24T19:10:54","guid":{"rendered":"https:\/\/www.futboltotal.com.mx\/?p=506284"},"modified":"2017-10-24T16:27:19","modified_gmt":"2017-10-24T21:27:19","slug":"murcia-vs-barcelona-copa-del-rey-2017-en-vivo-minuto-a-minuto","status":"publish","type":"post","link":"http:\/\/desarrollo.grupomedios.com\/futbol\/futbol-internacional\/murcia-vs-barcelona-copa-del-rey-2017-en-vivo-minuto-a-minuto\/2017\/10","title":{"rendered":"Murcia vs Barcelona | Copa del Rey 2017| EN VIVO: Minuto a minuto"},"content":{"rendered":"<p>El\u00a0<strong><span class=\"classCadenaBusqueda\">Murcia<\/span><\/strong>, en una situaci\u00f3n preocupante en la Liga pero bastante solvente en la\u00a0<strong>Copa del Rey<\/strong>, se enfrentar\u00e1 al\u00a0<strong>Barcelona<\/strong>, defensor del t\u00edtulo, con la ilusi\u00f3n de hacer un buen papel que haga olvidar la mala trayectoria del equipo en el grupo IV de Segunda Divisi\u00f3n B.<\/p>\n<iframe src=\"https:\/\/en-vivo.futboltotal.com.mx\/embed.php\/?id=369\" width=\"100%\" id=\"frame_minuto\"><\/iframe>\n<p>El delantero<strong>\u00a0V\u00edctor Curto<\/strong>, quien marc\u00f3 seis de los 10 goles del equipo en las tres eliminatorias previas, no estar\u00e1 sobre el terreno de juego al haberse lesionado de gravedad.<\/p>\n<p>Otros futbolistas como el argentino<strong>\u00a0Fede Vega, Fran Carnicer, Xiscu Mart\u00ednez y Pedro Mart\u00edn<\/strong>\u00a0tambi\u00e9n arrastran molestias y todos ellos se perdieron el \u00faltimo encuentro que el\u00a0<span class=\"classCadenaBusqueda\">Murcia<\/span>\u00a0disput\u00f3 con derrota por 3-2 en el campo del San Fernando.<\/p>\n<p>Salmer\u00f3n ha deseado que el Barcelona acuda a esta cita \u201ccon los mejores y que sea una fiesta para\u00a0<span class=\"classCadenaBusqueda\">Murcia<\/span>\u201c, aunque ya se sabe que estrellas azulgranas como\u00a0<strong>Lionel Messi<\/strong>\u00a0y\u00a0<strong>Luis Su\u00e1rez<\/strong>, entre otros futbolistas, no estar\u00e1n en Nueva Condomina.<\/p>\n<p>El Barcelona afrontar\u00e1 la ida de los dieciseisavos de final de la Copa del Rey con una versi\u00f3n en la que la mayor\u00eda de titulares no estar\u00e1n, ya que\u00a0<strong>Ernesto Valverde<\/strong>\u00a0ha concedido permiso hasta a siete jugadores (<strong>Ter Stegen, Sergio Busquets, Iniesta, Luis Su\u00e1rez, Messi, Paulinho y Umtiti<\/strong>).<\/p>\n<p>De esta forma, el equipo catal\u00e1n pondr\u00e1 en escena una delantera in\u00e9dita, sin Messi ni Luis Su\u00e1rez, y sin el joven franc\u00e9s Ousmane Demb\u00e9l\u00e9, lesionado de larga duraci\u00f3n. As\u00ed,\u00a0<strong>Deulofeu, Paco Alc\u00e1cer<\/strong>\u00a0y muy probablemente\u00a0<strong>Denis Su\u00e1rez<\/strong>\u00a0o<strong>\u00a0Aleix Vidal<\/strong>\u00a0aparezca como tridente ofensivo.<\/p>\n","protected":false},"excerpt":{"rendered":"<p>El cuadro Blaugrana inicia la defensa de su t\u00edtulo de Copa del Rey.<\/p>\n","protected":false},"author":129,"featured_media":506285,"comment_status":"closed","ping_status":"closed","sticky":false,"template":"","format":"standard","meta":[],"categories":[3839,3844],"tags":[5984,10828,5031,6214,1913,2030,5171],"_links":{"self":[{"href":"http:\/\/desarrollo.grupomedios.com\/futbol\/wp-json\/wp\/v2\/posts\/506284"}],"collection":[{"href":"http:\/\/desarrollo.grupomedios.com\/futbol\/wp-json\/wp\/v2\/posts"}],"about":[{"href":"http:\/\/desarrollo.grupomedios.com\/futbol\/wp-json\/wp\/v2\/types\/post"}],"author":[{"embeddable":true,"href":"http:\/\/desarrollo.grupomedios.com\/futbol\/wp-json\/wp\/v2\/users\/129"}],"replies":[{"embeddable":true,"href":"http:\/\/desarrollo.grupomedios.com\/futbol\/wp-json\/wp\/v2\/comments?post=506284"}],"version-history":[{"count":1,"href":"http:\/\/desarrollo.grupomedios.com\/futbol\/wp-json\/wp\/v2\/posts\/506284\/revisions"}],"predecessor-version":[{"id":506286,"href":"http:\/\/desarrollo.grupomedios.com\/futbol\/wp-json\/wp\/v2\/posts\/506284\/revisions\/506286"}],"wp:featuredmedia":[{"embeddable":true,"href":"http:\/\/desarrollo.grupomedios.com\/futbol\/wp-json\/wp\/v2\/media\/506285"}],"wp:attachment":[{"href":"http:\/\/desarrollo.grupomedios.com\/futbol\/wp-json\/wp\/v2\/media?parent=506284"}],"wp:term":[{"taxonomy":"category","embeddable":true,"href":"http:\/\/desarrollo.grupomedios.com\/futbol\/wp-json\/wp\/v2\/categories?post=506284"},{"taxonomy":"post_tag","embeddable":true,"href":"http:\/\/desarrollo.grupomedios.com\/futbol\/wp-json\/wp\/v2\/tags?post=506284"}],"curies":[{"name":"wp","href":"https:\/\/api.w.org\/{rel}","templated":true}]}}