{"id":506287,"date":"2017-10-24T13:31:26","date_gmt":"2017-10-24T18:31:26","guid":{"rendered":"https:\/\/www.futboltotal.com.mx\/?p=506287"},"modified":"2017-10-24T13:31:26","modified_gmt":"2017-10-24T18:31:26","slug":"zinedine-zidane-le-pone-alto-al-trueque-benzema-cavani","status":"publish","type":"post","link":"http:\/\/desarrollo.grupomedios.com\/futbol\/futbol-internacional\/zinedine-zidane-le-pone-alto-al-trueque-benzema-cavani\/2017\/10","title":{"rendered":"Zinedine Zidane le pone un alto al trueque Benzema-Cavani"},"content":{"rendered":"<p>POR: STAFF FT<\/p>\n<p>El <strong>Paris Saint-Germain<\/strong> habr\u00eda estado moviendo sus piezas para conseguir un trueque ben\u00e9fico a sus aspiraciones. Los parisinos desean hacer un intercambio de jugadores con el<strong> Real Madrid<\/strong>, se trata del delantero franc\u00e9s,<strong> Karim Benzema<\/strong> y el atacante uruguayo <strong>Edinson Cavani<\/strong>, para as\u00ed aprovechar y desaparecer cualquier fricci\u00f3n que existe entre este \u00faltimo y el brasile\u00f1o <strong>Neymar<\/strong>.<\/p>\n<p>De acuerdo a\u00a0Tribalfootball, el cuadro franc\u00e9s ya se habr\u00eda puesto en contacto con <strong>Florentino P\u00e9rez<\/strong> para cocinar el fichaje para el pr\u00f3ximo mercado de invierno y en enero de 2018 ambos futbolistas gozaran de un nuevo club; sin embargo, el directivo coment\u00f3 esta negociaci\u00f3n con <strong>Zinedine Zidane<\/strong> y este se opuso de forma tajante, siendo este el principal defensor del delantero franc\u00e9s.<\/p>\n<p style=\"text-align: center;\"><a href=\"https:\/\/www.futboltotal.com.mx\/futbol-internacional\/que-le-dijo-messi-cristiano-ronaldo-en-premio-the-best\/2017\/10\" target=\"_blank\" rel=\"noopener\">VER M\u00c1S: \u00bfQu\u00e9 le dijo Messi a Cristiano Ronaldo en premio The Best?<\/a><\/p>\n<p>La falta de gol en <strong>Benzema<\/strong> ha puesto a dudar a los aficionados y directivos del conjunto merengue, sin embargo, el estratega no ha cedido ni un \u00e1pice en el tema del delantero, aunque tambi\u00e9n es sabido que el uruguayo ha sido pretendido por el conjunto merengue junto al delantero polaco,<strong> Robert Lewandowski<\/strong>. El principal problema es que el sistema de Zidane solo permite jugar con un centro delantero nato.<\/p>\n<p>Por el momento, el portal menciona que nada se ha descartado, sobre todo por parte de la directiva merengue, quien podr\u00eda mover piezas para convencer al estratega franc\u00e9s de aceptar el trueque en la delantera. Por otro lado, han surgido rumores al respecto que <strong>Benzema<\/strong> estar\u00eda buscando la forma de regresar al futbol de su pa\u00eds.<\/p>\n<p style=\"text-align: center;\"><a href=\"https:\/\/www.futboltotal.com.mx\/futbol-internacional\/kevin-bruyne-sera-la-proxima-bomba-del-paris-saint-germain\/2017\/10\" target=\"_blank\" rel=\"noopener\">VER M\u00c1S: PSG desea robarse a estrella del Manchester City<\/a><\/p>\n","protected":false},"excerpt":{"rendered":"<p>El estratega franc\u00e9s no cede para dejar ir a su compatriota<\/p>\n","protected":false},"author":159,"featured_media":506289,"comment_status":"closed","ping_status":"closed","sticky":false,"template":"","format":"standard","meta":[],"categories":[7740,3839],"tags":[6037,6042,1376,5988,2215],"_links":{"self":[{"href":"http:\/\/desarrollo.grupomedios.com\/futbol\/wp-json\/wp\/v2\/posts\/506287"}],"collection":[{"href":"http:\/\/desarrollo.grupomedios.com\/futbol\/wp-json\/wp\/v2\/posts"}],"about":[{"href":"http:\/\/desarrollo.grupomedios.com\/futbol\/wp-json\/wp\/v2\/types\/post"}],"author":[{"embeddable":true,"href":"http:\/\/desarrollo.grupomedios.com\/futbol\/wp-json\/wp\/v2\/users\/159"}],"replies":[{"embeddable":true,"href":"http:\/\/desarrollo.grupomedios.com\/futbol\/wp-json\/wp\/v2\/comments?post=506287"}],"version-history":[{"count":2,"href":"http:\/\/desarrollo.grupomedios.com\/futbol\/wp-json\/wp\/v2\/posts\/506287\/revisions"}],"predecessor-version":[{"id":506291,"href":"http:\/\/desarrollo.grupomedios.com\/futbol\/wp-json\/wp\/v2\/posts\/506287\/revisions\/506291"}],"wp:featuredmedia":[{"embeddable":true,"href":"http:\/\/desarrollo.grupomedios.com\/futbol\/wp-json\/wp\/v2\/media\/506289"}],"wp:attachment":[{"href":"http:\/\/desarrollo.grupomedios.com\/futbol\/wp-json\/wp\/v2\/media?parent=506287"}],"wp:term":[{"taxonomy":"category","embeddable":true,"href":"http:\/\/desarrollo.grupomedios.com\/futbol\/wp-json\/wp\/v2\/categories?post=506287"},{"taxonomy":"post_tag","embeddable":true,"href":"http:\/\/desarrollo.grupomedios.com\/futbol\/wp-json\/wp\/v2\/tags?post=506287"}],"curies":[{"name":"wp","href":"https:\/\/api.w.org\/{rel}","templated":true}]}}