{"id":506298,"date":"2017-10-24T13:30:29","date_gmt":"2017-10-24T18:30:29","guid":{"rendered":"https:\/\/www.futboltotal.com.mx\/?p=506298"},"modified":"2017-10-24T15:04:40","modified_gmt":"2017-10-24T20:04:40","slug":"a-quien-no-le-interesaria-dirigir-a-chile-matias-almeyda","status":"publish","type":"post","link":"http:\/\/desarrollo.grupomedios.com\/futbol\/destacado-home\/a-quien-no-le-interesaria-dirigir-a-chile-matias-almeyda\/2017\/10","title":{"rendered":"\u00bfA qui\u00e9n no le interesar\u00eda dirigir a Chile?: Mat\u00edas Almeyda"},"content":{"rendered":"<p><strong>POR: STAFF FT<\/strong><\/p>\n<p>El estratega de las <strong>Chivas de Guadalajara<\/strong>, <strong>Mat\u00edas Almeyda<\/strong> dio una breve pero contundente declaraci\u00f3n a medios chilenos, quienes lo han colocado como uno de <a href=\"https:\/\/www.futboltotal.com.mx\/futbol-mexicano\/liga-mx\/matias-almeyda-suena-dirigir-a-la-seleccion-chile\/2017\/10\" target=\"_blank\" rel=\"noopener\">los posibles candidatos para dirigir a la<strong> Selecci\u00f3n de Chile<\/strong><\/a>, luego que no lograran el boleto para la <strong>Copa del Mundo de Rusia 2018<\/strong> y destituyeran a\u00a0Juan Antonio Pizzi.<\/p>\n<p>El estratega fue consultado por El Gr\u00e1fico de Chile a quien le declar\u00f3 de forma breve:<strong>\u00a0&#8220;estuve leyendo algo. \u00bfA qui\u00e9n no le interesar\u00eda? Tienen un equipazo&#8221;<\/strong>, con lo que el estratega le abri\u00f3 la puerta a la posibilidad, pues agreg\u00f3 que siempre est\u00e1 dispuesto a sentarse para conversar sobre ciertas ofertas.<\/p>\n<p style=\"text-align: center;\"><a href=\"https:\/\/www.futboltotal.com.mx\/futbol-internacional\/zinedine-zidane-le-pone-alto-al-trueque-benzema-cavani\/2017\/10\" target=\"_blank\" rel=\"noopener\">VER M\u00c1S: Zinedine Zidane le pone un alto al trueque Benzema-Cavani<\/a><\/p>\n<p>Recientemente, el estratega del <strong>Reba\u00f1o<\/strong> de 43 a\u00f1os, fue <a href=\"https:\/\/www.futboltotal.com.mx\/futbol-mexicano\/leicester-city-iria-matias-almeyda\/2017\/10\" target=\"_blank\" rel=\"noopener\">vinculado con el <strong>Leicester City<\/strong><\/a> de la Premier League por parte de la prensa inglesa, pues acaban de sustituir a su estratega,<strong>\u00a0Craig Shakespeare<\/strong>, por los malos resultados que ha tenido en la temporada y estar\u00edan buscando como sustituto a alguien del perfil del argentino de Chivas.<\/p>\n<p>Cabe se\u00f1alar que el\u00a0contrato de <strong>Mat\u00edas Almeyda<\/strong> con los <strong>Rojiblancos<\/strong> finaliza hasta el lejano 2021, sin embargo existe una cl\u00e1usula especial de salida para una selecci\u00f3n, cualquiera que esta sea, por lo que una posible salida del &#8216;Pastor&#8217; no ser\u00eda algo descabellado aunque tambi\u00e9n se sabe que la baraja para el puesto es bastante amplia.<\/p>\n<p>Otro de los candidatos que suena fuerte para ambos puestos es, <strong>Manuel Pellegrini<\/strong> quien hoy est\u00e1 dirigiendo\u00a0al <strong>Hebei Fortune<\/strong> de la Superliga de China y ha tenido experiencia en el <strong>Real Madrid<\/strong> y <strong>Manchester City<\/strong>.<\/p>\n<p style=\"text-align: center;\"><a href=\"https:\/\/www.futboltotal.com.mx\/futbol-internacional\/ac-milan-daria-salida-a-estos-6-futbolistas-por-malos-resultados\/2017\/10\" target=\"_blank\" rel=\"noopener\">VER M\u00c1S: AC Milan le dar\u00eda salida a 6 futbolistas\u00a0<\/a><\/p>\n<p>&nbsp;<\/p>\n","protected":false},"excerpt":{"rendered":"<p>Al estratega no le desagrada la idea de dirigir al combinado andino<\/p>\n","protected":false},"author":159,"featured_media":506303,"comment_status":"closed","ping_status":"closed","sticky":false,"template":"","format":"standard","meta":[],"categories":[5,2198,3845],"tags":[406,70,64,1420,1669],"_links":{"self":[{"href":"http:\/\/desarrollo.grupomedios.com\/futbol\/wp-json\/wp\/v2\/posts\/506298"}],"collection":[{"href":"http:\/\/desarrollo.grupomedios.com\/futbol\/wp-json\/wp\/v2\/posts"}],"about":[{"href":"http:\/\/desarrollo.grupomedios.com\/futbol\/wp-json\/wp\/v2\/types\/post"}],"author":[{"embeddable":true,"href":"http:\/\/desarrollo.grupomedios.com\/futbol\/wp-json\/wp\/v2\/users\/159"}],"replies":[{"embeddable":true,"href":"http:\/\/desarrollo.grupomedios.com\/futbol\/wp-json\/wp\/v2\/comments?post=506298"}],"version-history":[{"count":3,"href":"http:\/\/desarrollo.grupomedios.com\/futbol\/wp-json\/wp\/v2\/posts\/506298\/revisions"}],"predecessor-version":[{"id":506313,"href":"http:\/\/desarrollo.grupomedios.com\/futbol\/wp-json\/wp\/v2\/posts\/506298\/revisions\/506313"}],"wp:featuredmedia":[{"embeddable":true,"href":"http:\/\/desarrollo.grupomedios.com\/futbol\/wp-json\/wp\/v2\/media\/506303"}],"wp:attachment":[{"href":"http:\/\/desarrollo.grupomedios.com\/futbol\/wp-json\/wp\/v2\/media?parent=506298"}],"wp:term":[{"taxonomy":"category","embeddable":true,"href":"http:\/\/desarrollo.grupomedios.com\/futbol\/wp-json\/wp\/v2\/categories?post=506298"},{"taxonomy":"post_tag","embeddable":true,"href":"http:\/\/desarrollo.grupomedios.com\/futbol\/wp-json\/wp\/v2\/tags?post=506298"}],"curies":[{"name":"wp","href":"https:\/\/api.w.org\/{rel}","templated":true}]}}