{"id":506302,"date":"2017-10-24T17:43:09","date_gmt":"2017-10-24T22:43:09","guid":{"rendered":"https:\/\/www.futboltotal.com.mx\/?p=506302"},"modified":"2017-10-24T21:10:57","modified_gmt":"2017-10-25T02:10:57","slug":"toluca-vs-atlante-copa-mx-2017-en-vivo-minuto-a-minuto","status":"publish","type":"post","link":"http:\/\/desarrollo.grupomedios.com\/futbol\/futbol-mexicano\/toluca-vs-atlante-copa-mx-2017-en-vivo-minuto-a-minuto\/2017\/10","title":{"rendered":"Toluca vs Atlante | Copa MX 2017 | EN VIVO: Minuto a minuto"},"content":{"rendered":"<p><strong>POR: STAFF FT<\/strong><\/p>\n<p>Los <strong>Diablos Rojos del Toluca<\/strong> enfrentan la visita de los <strong>Potros de Hierro del Atlante<\/strong> en el regreso de la <strong>Copa MX<\/strong>, con la fase de los octavos de final.<\/p>\n<iframe src=\"https:\/\/en-vivo.futboltotal.com.mx\/embed.php\/?id=371\" width=\"100%\" id=\"frame_minuto\"><\/iframe>\n<p>Los escarlatas han sufrido algunas altibajos en el torneo local y no llegan en su mejor etapa para encarar estos octavos, pero los Potros viven una peor situaci\u00f3n en el Ascenso MX.<\/p>\n<p>El fin de semana se dio la salida de Ra\u00fal &#8216;Potro&#8217; Guti\u00e9rrez por los malos resultados que ha registrado el cuadro de Canc\u00fan, por lo que ahora la situaci\u00f3n para los Potros no es f\u00e1cil.<\/p>\n<p><strong>NO TE PIERDAS EL MINUTO A MINUTO DEL DIABLOS ROJOS DEL TOLUCA CONTRA LOS POTROS DE HIERRO DEL ATLANTE EN PUNTO DE LAS 19:00 HORAS.<\/strong><\/p>\n","protected":false},"excerpt":{"rendered":"<p>Los Diablos reciben la visita de los Potros de Hierro en el inicio de los octavos de final<\/p>\n","protected":false},"author":160,"featured_media":506305,"comment_status":"closed","ping_status":"closed","sticky":false,"template":"","format":"standard","meta":[],"categories":[4247,2198],"tags":[8357,5960,285,5975],"_links":{"self":[{"href":"http:\/\/desarrollo.grupomedios.com\/futbol\/wp-json\/wp\/v2\/posts\/506302"}],"collection":[{"href":"http:\/\/desarrollo.grupomedios.com\/futbol\/wp-json\/wp\/v2\/posts"}],"about":[{"href":"http:\/\/desarrollo.grupomedios.com\/futbol\/wp-json\/wp\/v2\/types\/post"}],"author":[{"embeddable":true,"href":"http:\/\/desarrollo.grupomedios.com\/futbol\/wp-json\/wp\/v2\/users\/160"}],"replies":[{"embeddable":true,"href":"http:\/\/desarrollo.grupomedios.com\/futbol\/wp-json\/wp\/v2\/comments?post=506302"}],"version-history":[{"count":2,"href":"http:\/\/desarrollo.grupomedios.com\/futbol\/wp-json\/wp\/v2\/posts\/506302\/revisions"}],"predecessor-version":[{"id":506324,"href":"http:\/\/desarrollo.grupomedios.com\/futbol\/wp-json\/wp\/v2\/posts\/506302\/revisions\/506324"}],"wp:featuredmedia":[{"embeddable":true,"href":"http:\/\/desarrollo.grupomedios.com\/futbol\/wp-json\/wp\/v2\/media\/506305"}],"wp:attachment":[{"href":"http:\/\/desarrollo.grupomedios.com\/futbol\/wp-json\/wp\/v2\/media?parent=506302"}],"wp:term":[{"taxonomy":"category","embeddable":true,"href":"http:\/\/desarrollo.grupomedios.com\/futbol\/wp-json\/wp\/v2\/categories?post=506302"},{"taxonomy":"post_tag","embeddable":true,"href":"http:\/\/desarrollo.grupomedios.com\/futbol\/wp-json\/wp\/v2\/tags?post=506302"}],"curies":[{"name":"wp","href":"https:\/\/api.w.org\/{rel}","templated":true}]}}