{"id":506319,"date":"2017-10-24T21:18:50","date_gmt":"2017-10-25T02:18:50","guid":{"rendered":"https:\/\/www.futboltotal.com.mx\/?p=506319"},"modified":"2017-10-24T23:39:27","modified_gmt":"2017-10-25T04:39:27","slug":"leon-vs-queretaro-copa-mx-2017-en-vivo-minuto-a-minuto","status":"publish","type":"post","link":"http:\/\/desarrollo.grupomedios.com\/futbol\/futbol-mexicano\/leon-vs-queretaro-copa-mx-2017-en-vivo-minuto-a-minuto\/2017\/10","title":{"rendered":"Le\u00f3n vs Quer\u00e9taro | Copa MX 2017 | EN VIVO: Minuto a minuto"},"content":{"rendered":"<p><strong>POR: STAFF FT<\/strong><\/p>\n<p>Los <strong>Esmeraldas de Le\u00f3n<\/strong> reciben la visita de los <strong>Gallos Blancos de Quer\u00e9taro<\/strong> en el cierre de la jornada de martes de los <strong>octavos de la Copa MX<\/strong>.<\/p>\n<iframe src=\"https:\/\/en-vivo.futboltotal.com.mx\/embed.php\/?id=373\" width=\"100%\" id=\"frame_minuto\"><\/iframe>\n<p>Dos de los goleadores m\u00e1s enrachados del torneo se ver\u00e1n las caras cuando Mauro Boselli y Camilo Sanvezzo se encuentren en la cancha con la mira fija en el arco rival.<\/p>\n<p>Le\u00f3n y Quer\u00e9taro juegan el &#8216;Cl\u00e1sico del Baj\u00edo&#8217; y no querr\u00e1n una derrota que los elimine del torneo.<\/p>\n<p><strong>NO TE PIERDAS EL MINUTO A MINUTO DEL ESMERALDAS DE LE\u00d3N CONTRA GALLOS BLANCOS DE QUER\u00c9TARO ESTE 24 DE OCTUBRE EN PUNTO DE LAS 21:06 HORAS.<\/strong><\/p>\n","protected":false},"excerpt":{"rendered":"<p>Los Esmeraldas reciben la visita de los Gallos Blancos en el Nou Camp<\/p>\n","protected":false},"author":160,"featured_media":506321,"comment_status":"closed","ping_status":"closed","sticky":false,"template":"","format":"standard","meta":[],"categories":[4247,2198],"tags":[8357,285,5965,5970],"_links":{"self":[{"href":"http:\/\/desarrollo.grupomedios.com\/futbol\/wp-json\/wp\/v2\/posts\/506319"}],"collection":[{"href":"http:\/\/desarrollo.grupomedios.com\/futbol\/wp-json\/wp\/v2\/posts"}],"about":[{"href":"http:\/\/desarrollo.grupomedios.com\/futbol\/wp-json\/wp\/v2\/types\/post"}],"author":[{"embeddable":true,"href":"http:\/\/desarrollo.grupomedios.com\/futbol\/wp-json\/wp\/v2\/users\/160"}],"replies":[{"embeddable":true,"href":"http:\/\/desarrollo.grupomedios.com\/futbol\/wp-json\/wp\/v2\/comments?post=506319"}],"version-history":[{"count":2,"href":"http:\/\/desarrollo.grupomedios.com\/futbol\/wp-json\/wp\/v2\/posts\/506319\/revisions"}],"predecessor-version":[{"id":506326,"href":"http:\/\/desarrollo.grupomedios.com\/futbol\/wp-json\/wp\/v2\/posts\/506319\/revisions\/506326"}],"wp:featuredmedia":[{"embeddable":true,"href":"http:\/\/desarrollo.grupomedios.com\/futbol\/wp-json\/wp\/v2\/media\/506321"}],"wp:attachment":[{"href":"http:\/\/desarrollo.grupomedios.com\/futbol\/wp-json\/wp\/v2\/media?parent=506319"}],"wp:term":[{"taxonomy":"category","embeddable":true,"href":"http:\/\/desarrollo.grupomedios.com\/futbol\/wp-json\/wp\/v2\/categories?post=506319"},{"taxonomy":"post_tag","embeddable":true,"href":"http:\/\/desarrollo.grupomedios.com\/futbol\/wp-json\/wp\/v2\/tags?post=506319"}],"curies":[{"name":"wp","href":"https:\/\/api.w.org\/{rel}","templated":true}]}}