{"id":506340,"date":"2017-10-24T16:42:29","date_gmt":"2017-10-24T21:42:29","guid":{"rendered":"https:\/\/www.futboltotal.com.mx\/?p=506340"},"modified":"2017-10-24T16:42:29","modified_gmt":"2017-10-24T21:42:29","slug":"real-madrid-barcelona-se-disputan-a-maxime-lopez","status":"publish","type":"post","link":"http:\/\/desarrollo.grupomedios.com\/futbol\/futbol-internacional\/real-madrid-barcelona-se-disputan-a-maxime-lopez\/2017\/10","title":{"rendered":"Real Madrid y Barcelona se disputan a Maxime L\u00f3pez"},"content":{"rendered":"<p><strong>POR: STAFF FT<\/strong><\/p>\n<p>El <strong>Barcelona<\/strong> mostr\u00f3 su inter\u00e9s desde que acab\u00f3 el mercado de fichajes por la perla francesa,\u00a0<strong>Maxime L\u00f3pez,\u00a0<\/strong>quien ha mostrado un talento sobresaliente en su equipo y por los blaugranas es considerado como un<strong> &#8216;nuevo Xavi&#8217;<\/strong> por sus cualidades futbol\u00edsticas, sin embargo un nuevo pretendiente ha entrado en la puja por el futbolista y es su m\u00e1s importante rival, el <strong>Real Madrid<\/strong>, quien tambi\u00e9n ya ha puesto la mira en el joven jugador.<\/p>\n<p>El mediocampista del\u00a0<strong>Olympique de Marsella,\u00a0<\/strong>con\u00a0 tan solo <strong>19 a\u00f1os<\/strong> se ha asentado como uno de los talentos a seguir por el futbol de Francia, con su equipo ha participado en nueve encuentros de la actual temporada y ha logrado marcar un gol con el equipo galo. Su habilidad le ha permitido estar dentro del primer equipo siendo tan joven.<\/p>\n<p style=\"text-align: center;\"><a href=\"https:\/\/www.futboltotal.com.mx\/futbol-internacional\/zinedine-zidane-le-pone-alto-al-trueque-benzema-cavani\/2017\/10\" target=\"_blank\" rel=\"noopener\">VER M\u00c1S: Zidane le pone freno al trueque Benzema-Cavani<\/a><\/p>\n<p>De acuerdo al diario Sport, los merengues tendr\u00edan un &#8216;as&#8217; bajo la manga para que el futbolista se decante por fichar con ellos, se trata de los hijos de <strong>Zinedine Zidane<\/strong>,\u00a0<strong>Enzo y Luca<\/strong>, quienes han tratado de convencerle para que voltee a ver a la entidad blanca, por encima de cualquier tentaci\u00f3n que pudieran suponer los cul\u00e9s, quienes se han caracterizado por saber cuidar a los futbolistas j\u00f3venes.<\/p>\n<p>Ambos,\u00a0Enzo y Luca, son buenos amigos de <strong>Maxime<\/strong>, pues han llegado a vacacionar en los veranos que han tenido libres. Sin embargo, el impedimento que ver\u00eda para fichar por el Real Madrid es el hecho que sus mediocampistas son m\u00e1s j\u00f3venes y habr\u00eda que esperar para jugar o en todo caso, la competencia ser\u00eda mayor con\u00a0<strong>Mateo Kovacic<\/strong> o <strong>Dani Ceballos<\/strong>, que son los prospectos para quedarse con el puesto inmediato.<\/p>\n<p><iframe loading=\"lazy\" src=\"https:\/\/www.youtube.com\/embed\/7sKOHi63H_c?start=18&#038;feature=oembed\" frameborder=\"0\" gesture=\"media\" allowfullscreen><\/iframe><\/p>\n<p style=\"text-align: center;\"><a href=\"https:\/\/www.futboltotal.com.mx\/futbol-mexicano\/a-quien-no-le-interesaria-dirigir-a-chile-matias-almeyda\/2017\/10\" target=\"_blank\" rel=\"noopener\">VER M\u00c1S: Mat\u00edas Almeyda manifiesta su inter\u00e9s de dirigir a la Selecci\u00f3n de Chile<\/a><\/p>\n","protected":false},"excerpt":{"rendered":"<p>El jugador de 19 a\u00f1os tiene a 2 grandes peleando por \u00e9l<\/p>\n","protected":false},"author":159,"featured_media":506344,"comment_status":"closed","ping_status":"closed","sticky":false,"template":"","format":"standard","meta":[],"categories":[7740,3839],"tags":[5984,10834,7469,5988],"_links":{"self":[{"href":"http:\/\/desarrollo.grupomedios.com\/futbol\/wp-json\/wp\/v2\/posts\/506340"}],"collection":[{"href":"http:\/\/desarrollo.grupomedios.com\/futbol\/wp-json\/wp\/v2\/posts"}],"about":[{"href":"http:\/\/desarrollo.grupomedios.com\/futbol\/wp-json\/wp\/v2\/types\/post"}],"author":[{"embeddable":true,"href":"http:\/\/desarrollo.grupomedios.com\/futbol\/wp-json\/wp\/v2\/users\/159"}],"replies":[{"embeddable":true,"href":"http:\/\/desarrollo.grupomedios.com\/futbol\/wp-json\/wp\/v2\/comments?post=506340"}],"version-history":[{"count":2,"href":"http:\/\/desarrollo.grupomedios.com\/futbol\/wp-json\/wp\/v2\/posts\/506340\/revisions"}],"predecessor-version":[{"id":506358,"href":"http:\/\/desarrollo.grupomedios.com\/futbol\/wp-json\/wp\/v2\/posts\/506340\/revisions\/506358"}],"wp:featuredmedia":[{"embeddable":true,"href":"http:\/\/desarrollo.grupomedios.com\/futbol\/wp-json\/wp\/v2\/media\/506344"}],"wp:attachment":[{"href":"http:\/\/desarrollo.grupomedios.com\/futbol\/wp-json\/wp\/v2\/media?parent=506340"}],"wp:term":[{"taxonomy":"category","embeddable":true,"href":"http:\/\/desarrollo.grupomedios.com\/futbol\/wp-json\/wp\/v2\/categories?post=506340"},{"taxonomy":"post_tag","embeddable":true,"href":"http:\/\/desarrollo.grupomedios.com\/futbol\/wp-json\/wp\/v2\/tags?post=506340"}],"curies":[{"name":"wp","href":"https:\/\/api.w.org\/{rel}","templated":true}]}}