{"id":506343,"date":"2017-10-24T16:43:00","date_gmt":"2017-10-24T21:43:00","guid":{"rendered":"https:\/\/www.futboltotal.com.mx\/?p=506343"},"modified":"2017-10-24T16:43:00","modified_gmt":"2017-10-24T21:43:00","slug":"murcia-0-3-barcelona-copa-del-rey-2017-resumen","status":"publish","type":"post","link":"http:\/\/desarrollo.grupomedios.com\/futbol\/futbol-internacional\/murcia-0-3-barcelona-copa-del-rey-2017-resumen\/2017\/10","title":{"rendered":"Barcelona debut\u00f3 en la Copa del Rey con goleada ante el Murcia"},"content":{"rendered":"<p>El <strong>Barcelona<\/strong> debut\u00f3 este martes en esta nueva edici\u00f3n de la <strong>Copa del Rey<\/strong>, torneo que ha ganado los dos \u00faltimos a\u00f1os, y lo hizo con una victoria m\u00e1s convincente por el resultado que por el juego (0-3), ante un <strong>Real Murcia<\/strong>, de Segunda Divisi\u00f3n B, que se mostr\u00f3 animoso en la primera parte y lo pas\u00f3 bastante peor en la segunda.<\/p>\n<p>https:\/\/twitter.com\/FCBarcelona_es\/status\/922935598041763841<\/p>\n<p>El Bar\u00e7a, con una alineaci\u00f3n repleta de suplentes y con los jugadores del filial <strong>Ale\u00f1\u00e1<\/strong> y <strong>Arn\u00e1i<\/strong>z, domin\u00f3 desde el inicio, pero su posesi\u00f3n no estuvo acompa\u00f1ada de profundidad. Adem\u00e1s, el cuadro local gener\u00f3 incertidumbre con un centro el \u00e1rea que no remat\u00f3<strong> \u00c1lex Ortiz<\/strong> de cabeza por cent\u00edmetros.<\/p>\n<p>Los de <strong>Ernesto Valverde<\/strong> tuvieron el gol a su alcance en una doble intervenci\u00f3n, pero el remate de cabeza de <strong>Alc\u00e1cer<\/strong> fue repelido por <strong>Santom\u00e9<\/strong> y luego <strong>Denis Su\u00e1rez<\/strong> dispar\u00f3 fuera. El valenciano no fall\u00f3 en el minuto 44 con otro testarazo a centro medido de <strong>Deulofeu<\/strong> desde la banda derecha y gan\u00e1ndole la espalda a la zaga grana para establecer el 0-1 en un partido en el que los azulgranas no hab\u00edan contra\u00eddo demasiados m\u00e9ritos.<\/p>\n<p style=\"text-align: center;\"><span style=\"color: #3366ff;\"><a href=\"https:\/\/www.futboltotal.com.mx\/futbol-mexicano\/a-quien-no-le-interesaria-dirigir-a-chile-matias-almeyda\/2017\/10\">VER M\u00c1S: \u00bfA qui\u00e9n no le interesar\u00eda dirigir a Chile?: Mat\u00edas Almeyda<\/a><\/span><\/p>\n<p>Si la primera parte acab\u00f3 bien para el Barcelona la segunda comenz\u00f3 mejor para sus intereses con dos goles m\u00e1s en apenas diez minutos.<\/p>\n<p>El segundo tanto de la noche fue un gran tanto marcado por Deulofeu, quien se intern\u00f3 en el \u00e1rea y\u00e9ndose de <strong>Juanra<\/strong> y bati\u00f3 con un tiro cruzado a <strong>Santom\u00e9<\/strong> tras regatear al guardameta. Tambi\u00e9n de bella factura fue el 0-3, conseguido por Arn\u00e1iz con un colocado chut para culminar una acci\u00f3n de contragolpe tras p\u00e9rdida de bal\u00f3n del Murcia.<\/p>\n<p><iframe loading=\"lazy\" src=\"https:\/\/www.youtube.com\/embed\/1K7wTrcl25k?feature=oembed\" frameborder=\"0\" gesture=\"media\" allowfullscreen><\/iframe><\/p>\n<p>El amor propio de los de casa les hizo acabar el encuentro volcado y <strong>Elady<\/strong> dispuso de una ocasi\u00f3n clar\u00edsima para haber hecho el 1-3. Su disparo a bocajarro fue despejado por un <strong>Cillessen<\/strong> que respondi\u00f3 muy bien las veces en las que se vio exigido.<\/p>\n<p>Las dos \u00faltimas ocasiones del encuentro fueron para Denis Su\u00e1rez y Alc\u00e1cer, pero el marcador ya no se mover\u00eda y el Barcelona tiene casi sentenciado su pase a los octavos de final.<\/p>\n","protected":false},"excerpt":{"rendered":"<p>Ernesto Valverde jug\u00f3 con un equipo suplente.<\/p>\n","protected":false},"author":129,"featured_media":506345,"comment_status":"closed","ping_status":"closed","sticky":false,"template":"","format":"standard","meta":[],"categories":[3839],"tags":[10835,5984,10828,5031,8239,6214,3662],"_links":{"self":[{"href":"http:\/\/desarrollo.grupomedios.com\/futbol\/wp-json\/wp\/v2\/posts\/506343"}],"collection":[{"href":"http:\/\/desarrollo.grupomedios.com\/futbol\/wp-json\/wp\/v2\/posts"}],"about":[{"href":"http:\/\/desarrollo.grupomedios.com\/futbol\/wp-json\/wp\/v2\/types\/post"}],"author":[{"embeddable":true,"href":"http:\/\/desarrollo.grupomedios.com\/futbol\/wp-json\/wp\/v2\/users\/129"}],"replies":[{"embeddable":true,"href":"http:\/\/desarrollo.grupomedios.com\/futbol\/wp-json\/wp\/v2\/comments?post=506343"}],"version-history":[{"count":1,"href":"http:\/\/desarrollo.grupomedios.com\/futbol\/wp-json\/wp\/v2\/posts\/506343\/revisions"}],"predecessor-version":[{"id":506347,"href":"http:\/\/desarrollo.grupomedios.com\/futbol\/wp-json\/wp\/v2\/posts\/506343\/revisions\/506347"}],"wp:featuredmedia":[{"embeddable":true,"href":"http:\/\/desarrollo.grupomedios.com\/futbol\/wp-json\/wp\/v2\/media\/506345"}],"wp:attachment":[{"href":"http:\/\/desarrollo.grupomedios.com\/futbol\/wp-json\/wp\/v2\/media?parent=506343"}],"wp:term":[{"taxonomy":"category","embeddable":true,"href":"http:\/\/desarrollo.grupomedios.com\/futbol\/wp-json\/wp\/v2\/categories?post=506343"},{"taxonomy":"post_tag","embeddable":true,"href":"http:\/\/desarrollo.grupomedios.com\/futbol\/wp-json\/wp\/v2\/tags?post=506343"}],"curies":[{"name":"wp","href":"https:\/\/api.w.org\/{rel}","templated":true}]}}