{"id":506348,"date":"2017-10-24T16:55:10","date_gmt":"2017-10-24T21:55:10","guid":{"rendered":"https:\/\/www.futboltotal.com.mx\/?p=506348"},"modified":"2017-10-24T16:55:52","modified_gmt":"2017-10-24T21:55:52","slug":"paco-jemez-entrenador-directo-hugo-sanchez","status":"publish","type":"post","link":"http:\/\/desarrollo.grupomedios.com\/futbol\/futbol-mexicano\/paco-jemez-entrenador-directo-hugo-sanchez\/2017\/10","title":{"rendered":"Paco J\u00e9mez es un entrenador directo: Hugo S\u00e1nchez"},"content":{"rendered":"<p><strong>POR: EFE<\/strong><\/p>\n<p>El mexicano <strong>Hugo S\u00e1nchez<\/strong>, exestrella del Real Madrid, dijo hoy que el espa\u00f1ol <strong>Paco J\u00e9mez<\/strong>, estratega del <strong>Cruz Azul<\/strong> del f\u00fatbol mexicano, se ha mostrado en M\u00e9xico &#8220;como siempre ha sido: directo&#8221;.<\/p>\n<p>Adem\u00e1s, S\u00e1nchez calific\u00f3 de &#8220;llamativas&#8221; las declaraciones del entrenador espa\u00f1ol, tras la derrota de su equipo por 3-0 ante el Lobos BUAP, el pasado s\u00e1bado cuando dijo: &#8220;Nosotros no somos un equipo grande. Hoy lo hemos dejado muy claro&#8221;.<\/p>\n<p>&#8220;J\u00e9mez simplemente se est\u00e1 mostrando como siempre ha sido: directo para decir las cosas muy claras, tal y como las siente&#8221;, declar\u00f3 el exfutbolista mexicano en su columna Ajo y Agua, que publica los martes en el diario deportivo <em>Esto<\/em>.<\/p>\n<p style=\"text-align: center;\"><span style=\"color: #333399;\"><a href=\"https:\/\/www.futboltotal.com.mx\/destacado-home\/billy-alvarez-confiesa-llamo-atencion-jemez-tras-declaraciones\/2017\/10\">VER M\u00c1S:\u00a0<span class=\"item-title\">Billy \u00c1lvarez confiesa que llam\u00f3 atenci\u00f3n de J\u00e9mez tras declaraciones<\/span><\/a><\/span><\/p>\n<p style=\"text-align: left;\">&#8220;J\u00e9mez lleva escasos dos torneos cortos y quiere dar un revulsivo a sus jugadores al decir que este equipo que dirige no tiene los jugadores con la estatura para construir grandes resultados que le permitan mantener esa grandeza que se ha ganado a lo largo de la historia con t\u00edtulos y mucha regularidad&#8221;, explic\u00f3.<\/p>\n<p>A\u00f1adi\u00f3 que el \u00e9nfasis con el que se expres\u00f3 J\u00e9mez &#8220;qued\u00f3 abierto para que los mal intencionados lo tomen del lado negativo y lo razonable es que \u00e9l se refiera al tiempo que lleva en <strong>Cruz Azul<\/strong> y a la historia que conoce&#8221;.<\/p>\n<p>Con ocho t\u00edtulos nacionales en su historia, el Cruz Azul se apunta en el cuarto lugar detr\u00e1s de <strong>Am\u00e9rica y Guadalajara<\/strong> (12) y Toluca con 10, como los equipos m\u00e1s ganadores en el f\u00fatbol mexicano.<\/p>\n<p style=\"text-align: center;\"><span style=\"color: #333399;\"><a href=\"https:\/\/www.futboltotal.com.mx\/destacado-home\/america-vs-cruz-azul-copa-mx-previo\/2017\/10\">VER M\u00c1S:\u00a0<span class=\"item-title\">Am\u00e9rica vs Cruz Azul, el duelo m\u00e1s esperado de Copa MX<\/span><\/a><\/span><\/p>\n<p style=\"text-align: left;\">J\u00e9mez tiene como objetivo clasificar a la liguilla por el t\u00edtulo al Cruz Azul, que conquist\u00f3 su \u00faltimo campeonato en el torneo de <strong>Invierno de 1997<\/strong>.<\/p>\n","protected":false},"excerpt":{"rendered":"<p>El &#8216;Pentapichichi&#8217; defendi\u00f3 al entrenador espa\u00f1ol <\/p>\n","protected":false},"author":160,"featured_media":506350,"comment_status":"closed","ping_status":"closed","sticky":false,"template":"","format":"standard","meta":[],"categories":[4247,2198,3845],"tags":[5962,448,7053],"_links":{"self":[{"href":"http:\/\/desarrollo.grupomedios.com\/futbol\/wp-json\/wp\/v2\/posts\/506348"}],"collection":[{"href":"http:\/\/desarrollo.grupomedios.com\/futbol\/wp-json\/wp\/v2\/posts"}],"about":[{"href":"http:\/\/desarrollo.grupomedios.com\/futbol\/wp-json\/wp\/v2\/types\/post"}],"author":[{"embeddable":true,"href":"http:\/\/desarrollo.grupomedios.com\/futbol\/wp-json\/wp\/v2\/users\/160"}],"replies":[{"embeddable":true,"href":"http:\/\/desarrollo.grupomedios.com\/futbol\/wp-json\/wp\/v2\/comments?post=506348"}],"version-history":[{"count":2,"href":"http:\/\/desarrollo.grupomedios.com\/futbol\/wp-json\/wp\/v2\/posts\/506348\/revisions"}],"predecessor-version":[{"id":506352,"href":"http:\/\/desarrollo.grupomedios.com\/futbol\/wp-json\/wp\/v2\/posts\/506348\/revisions\/506352"}],"wp:featuredmedia":[{"embeddable":true,"href":"http:\/\/desarrollo.grupomedios.com\/futbol\/wp-json\/wp\/v2\/media\/506350"}],"wp:attachment":[{"href":"http:\/\/desarrollo.grupomedios.com\/futbol\/wp-json\/wp\/v2\/media?parent=506348"}],"wp:term":[{"taxonomy":"category","embeddable":true,"href":"http:\/\/desarrollo.grupomedios.com\/futbol\/wp-json\/wp\/v2\/categories?post=506348"},{"taxonomy":"post_tag","embeddable":true,"href":"http:\/\/desarrollo.grupomedios.com\/futbol\/wp-json\/wp\/v2\/tags?post=506348"}],"curies":[{"name":"wp","href":"https:\/\/api.w.org\/{rel}","templated":true}]}}