{"id":506349,"date":"2017-10-24T17:11:09","date_gmt":"2017-10-24T22:11:09","guid":{"rendered":"https:\/\/www.futboltotal.com.mx\/?p=506349"},"modified":"2017-10-24T17:11:58","modified_gmt":"2017-10-24T22:11:58","slug":"portero-mexicano-compitio-con-buffon-premio-the-best","status":"publish","type":"post","link":"http:\/\/desarrollo.grupomedios.com\/futbol\/futbol-mexicano\/portero-mexicano-compitio-con-buffon-premio-the-best\/2017\/10","title":{"rendered":"Portero mexicano compiti\u00f3 con Buffon por premio The Best"},"content":{"rendered":"<p><strong>POR: STAFF FT<\/strong><\/p>\n<p>FIFA decidi\u00f3 otorgarle el galard\u00f3n\u00a0<strong>The Best al Portero del A\u00f1o\u00a0<\/strong>al veterano arquero italiano,\u00a0<strong>Gianluigi Buffon<\/strong> y es un reconocimiento que se ha ganado a pulso, pero entre los otros 15 nominados estaba un arquero mexicano que nadie mencion\u00f3 adem\u00e1s que es poco conocido en el plano del futbol internacional.<\/p>\n<p>No se trato de los tres arqueros habituales de la Selecci\u00f3n Mexicana,\u00a0Guillermo Ochoa, Alfredo Talavera y Jes\u00fas Corona; sino de <strong>Alfonso Blanco Ant\u00fanez<\/strong>, guardameta de los <strong>Tuzos<\/strong> del <strong>Pachuca<\/strong>, quien compiti\u00f3 junto a\u00a0<strong>Gianluigi Donarumma<\/strong> (Milan), <strong>Claudio Bravo<\/strong> (Manchester City), <strong>\u00c9derson<\/strong> (Manchester City), <strong>Allison<\/strong>, <strong>Alireza Beiranvand<\/strong> (Ir\u00e1n), <strong>Fabrice Ondoa<\/strong> (Sevilla B) y <strong>Danijel Subasic<\/strong> (M\u00f3naco).<\/p>\n<p>&nbsp;<\/p>\n<div id=\"attachment_506353\" style=\"width: 642px\" class=\"wp-caption aligncenter\"><img aria-describedby=\"caption-attachment-506353\" decoding=\"async\" loading=\"lazy\" class=\"wp-image-506353 size-full\" src=\"https:\/\/www.futboltotal.com.mx\/wp-content\/uploads\/2017\/10\/the-best-portero.jpg\" alt=\"El mexicano compiti\u00f3 junto a Gianluigi Buffon\" srcset=\"http:\/\/desarrollo.grupomedios.com\/futbol\/wp-content\/uploads\/2017\/10\/the-best-portero.jpg 632w, http:\/\/desarrollo.grupomedios.com\/futbol\/wp-content\/uploads\/2017\/10\/the-best-portero-150x150.jpg 150w, http:\/\/desarrollo.grupomedios.com\/futbol\/wp-content\/uploads\/2017\/10\/the-best-portero-300x300.jpg 300w\" sizes=\"(max-width: 632px) 100vw, 632px\" \/><p id=\"caption-attachment-506353\" class=\"wp-caption-text\">Un portero mexicano apareci\u00f3 en la lista de nominados para The Best<\/p><\/div>\n<p style=\"text-align: center;\"><a href=\"https:\/\/www.futboltotal.com.mx\/futbol-internacional\/zinedine-zidane-le-pone-alto-al-trueque-benzema-cavani\/2017\/10\" target=\"_blank\" rel=\"noopener\">VER M\u00c1S: Zidane le pone alto a trueque Benzema-Cavani<\/a><\/p>\n<p>El guardameta azteca no consigui\u00f3 ning\u00fan voto a su favor, pero podr\u00e1 presumir que disput\u00f3 un premio junto a un grande del arco como lo es el italiano de la Juventus. El canterano de <strong>Tuzos<\/strong> ha tenido un largo paso por el futbol mexicano, empezando con Pachuca pero debutando en <strong>Indios de Ciudad Ju\u00e1rez<\/strong>, en el Ascenso MX.<\/p>\n<p>Posteriormente regres\u00f3 con los Tuzos y luego de dos torneos sin actividad\u00a0emigr\u00f3 al <strong>Cruz Azul<\/strong>, donde debut\u00f3 en la Liga MX en 2008. Un a\u00f1o despu\u00e9s regres\u00f3\u00a0al Ascenso MX, con el <strong>Irapuato<\/strong>. Despu\u00e9s se fue con las <strong>\u00c1guilas del Am\u00e9rica<\/strong> y un torneo despu\u00e9s lleg\u00f3 a <strong>Necaxa<\/strong>. Volvi\u00f3 a ver la titularidad con el <strong>Le\u00f3n<\/strong> y despu\u00e9s vivi\u00f3 otra etapa con los Tuzos, despu\u00e9s en <strong>San Luis<\/strong> y hoy en d\u00eda se encuentra otra vez con los hidalguenses.<\/p>\n<p><strong>\u00bfPor qu\u00e9 lo nominaron?<\/strong><\/p>\n<p>Alfonso Blanco se gan\u00f3 la nominaci\u00f3n como guardameta de Pachuca, gracias a sus actuaciones en el torneo de\u00a0 la b donde logr\u00f3 el campeonato con los Tuzos venciendo a <strong>Tigres UANL<\/strong> y el boleto para el pr\u00f3ximo <strong>Mundial de Clubes<\/strong>. Dentro del torneo apareci\u00f3 en 10 juegos, logrando cerrar la cortina en seis de ellos y recibiendo 10 goles en total.<\/p>\n<p style=\"text-align: center;\"><a href=\"https:\/\/www.futboltotal.com.mx\/futbol-internacional\/real-madrid-barcelona-se-disputan-a-maxime-lopez\/2017\/10\" target=\"_blank\" rel=\"noopener\">VER M\u00c1S: Real Madrid y Barcelona se disputan a perla francesa<\/a><\/p>\n<p>&nbsp;<\/p>\n","protected":false},"excerpt":{"rendered":"<p>El guardameta mexicano no obtuvo ning\u00fan voto a favor<\/p>\n","protected":false},"author":159,"featured_media":506356,"comment_status":"closed","ping_status":"closed","sticky":false,"template":"","format":"standard","meta":[],"categories":[2198,3845],"tags":[10836,361,6027,5999,5968,7588,73],"_links":{"self":[{"href":"http:\/\/desarrollo.grupomedios.com\/futbol\/wp-json\/wp\/v2\/posts\/506349"}],"collection":[{"href":"http:\/\/desarrollo.grupomedios.com\/futbol\/wp-json\/wp\/v2\/posts"}],"about":[{"href":"http:\/\/desarrollo.grupomedios.com\/futbol\/wp-json\/wp\/v2\/types\/post"}],"author":[{"embeddable":true,"href":"http:\/\/desarrollo.grupomedios.com\/futbol\/wp-json\/wp\/v2\/users\/159"}],"replies":[{"embeddable":true,"href":"http:\/\/desarrollo.grupomedios.com\/futbol\/wp-json\/wp\/v2\/comments?post=506349"}],"version-history":[{"count":1,"href":"http:\/\/desarrollo.grupomedios.com\/futbol\/wp-json\/wp\/v2\/posts\/506349\/revisions"}],"predecessor-version":[{"id":506357,"href":"http:\/\/desarrollo.grupomedios.com\/futbol\/wp-json\/wp\/v2\/posts\/506349\/revisions\/506357"}],"wp:featuredmedia":[{"embeddable":true,"href":"http:\/\/desarrollo.grupomedios.com\/futbol\/wp-json\/wp\/v2\/media\/506356"}],"wp:attachment":[{"href":"http:\/\/desarrollo.grupomedios.com\/futbol\/wp-json\/wp\/v2\/media?parent=506349"}],"wp:term":[{"taxonomy":"category","embeddable":true,"href":"http:\/\/desarrollo.grupomedios.com\/futbol\/wp-json\/wp\/v2\/categories?post=506349"},{"taxonomy":"post_tag","embeddable":true,"href":"http:\/\/desarrollo.grupomedios.com\/futbol\/wp-json\/wp\/v2\/tags?post=506349"}],"curies":[{"name":"wp","href":"https:\/\/api.w.org\/{rel}","templated":true}]}}