{"id":506355,"date":"2017-10-24T17:23:08","date_gmt":"2017-10-24T22:23:08","guid":{"rendered":"https:\/\/www.futboltotal.com.mx\/?p=506355"},"modified":"2017-10-24T17:23:08","modified_gmt":"2017-10-24T22:23:08","slug":"inter-milan-alcanza-liderato-la-serie-a-gracias-a-icardi","status":"publish","type":"post","link":"http:\/\/desarrollo.grupomedios.com\/futbol\/futbol-internacional\/inter-milan-alcanza-liderato-la-serie-a-gracias-a-icardi\/2017\/10","title":{"rendered":"Inter de Milan alcanza liderato de la Serie A gracias a Icardi"},"content":{"rendered":"<p>El <strong>Inter de Mil\u00e1n<\/strong> se impuso por 3-2 este martes contra el <strong>Sampdoria<\/strong>, con doblete del argentino <strong>Mauro Icardi<\/strong>, y se hizo moment\u00e1neamente con el liderato en la liga italiana, a la espera de lo que haga este mi\u00e9rcoles el <strong>N\u00e1poles<\/strong> ante el <strong>G\u00e9nova<\/strong>.<\/p>\n<p>El conjunto milan\u00e9s domin\u00f3 el encuentro en la primera hora de juego, en la que marc\u00f3 tres goles y remat\u00f3 tres veces al poste, pero baj\u00f3 la concentraci\u00f3n en la fase final, lo que aprovech\u00f3 el Sampdoria para recortar diferencias hasta el 3-2, sin poder salvar puntos.<\/p>\n<blockquote class=\"twitter-tweet\" data-data-dnt=\"true\">\n<p lang=\"es\" dir=\"ltr\">90&#39;+3: FINAL. \ud83d\udccd<br \/>\u00a1Sufriendo al final, pero nos quedamos moment\u00e1neamente punteros en la <a href=\"https:\/\/twitter.com\/SerieA_TIM?ref_src=twsrc%5Etfw\">@SerieA_TIM<\/a>! <\/p>\n<p>3-2 <a href=\"https:\/\/twitter.com\/hashtag\/InterSampdoria?src=hash&amp;ref_src=twsrc%5Etfw\">#InterSampdoria<\/a> <a href=\"https:\/\/twitter.com\/hashtag\/ForzaInter?src=hash&amp;ref_src=twsrc%5Etfw\">#ForzaInter<\/a> \u26ab\ufe0f\ud83d\udd35 <a href=\"https:\/\/t.co\/T9xoXD4kBZ\">pic.twitter.com\/T9xoXD4kBZ<\/a><\/p>\n<p>&mdash; Inter (@Inter_es) <a href=\"https:\/\/twitter.com\/Inter_es\/status\/922926226531954688?ref_src=twsrc%5Etfw\">October 24, 2017<\/a><\/p><\/blockquote>\n<p><script async src=\"https:\/\/platform.twitter.com\/widgets.js\" charset=\"utf-8\"><\/script><\/p>\n<p>Pese al sufrimiento final, el Inter mantuvo su condici\u00f3n de invicto esta temporada y sum\u00f3, ante 55.000 espectadores, su quinta victoria en otros tantos partidos disputados esta temporada en <strong>San Siro<\/strong>.<\/p>\n<p>Tanto el Inter como el Sampdoria encararon el encuentro con agresividad y buscaron la porter\u00eda rival con continuidad en los primeros minutos, pero los locales fueron los m\u00e1s concretos y se fueron al descanso por delante 2-0.<\/p>\n<p style=\"text-align: center;\"><span style=\"color: #3366ff;\"><a href=\"https:\/\/www.futboltotal.com.mx\/futbol-mexicano\/portero-mexicano-compitio-con-buffon-premio-the-best\/2017\/10\">VER M\u00c1S: Portero mexicano compiti\u00f3 con Buffon por premio The Best<\/a><\/span><\/p>\n<p>Los esfuerzos de los milaneses tuvieron premio en la segunda mitad, en la que el Inter sentenci\u00f3 el encuentro gracias al doblete personal del propio internacional argentino (m.55), que ya lleva 11 goles en este curso.<\/p>\n<p>Ante un Inter en dificultad, los visitantes apretaron con insistencia y consiguieron tambi\u00e9n el 2-3 por medio del veterano <strong>Fabio Quagliarella<\/strong>, que devolvi\u00f3 opciones a su equipo con un cabezazo (m.85).<\/p>\n<p><iframe loading=\"lazy\" src=\"https:\/\/www.youtube.com\/embed\/E-DqvL0xXJI?feature=oembed\" frameborder=\"0\" gesture=\"media\" allowfullscreen><\/iframe><\/p>\n<p>En la fase final, los milaneses tuvieron que sufrir para defender los tres puntos, pero lograron aguantar y sumar una victoria importante para alcanzar moment\u00e1neamente la cabeza de la tabla, con 26 puntos, uno m\u00e1s del N\u00e1poles. EFE<\/p>\n","protected":false},"excerpt":{"rendered":"<p>El argentino marc\u00f3 un doblete para su equipo.<\/p>\n","protected":false},"author":129,"featured_media":506361,"comment_status":"closed","ping_status":"closed","sticky":false,"template":"","format":"standard","meta":[],"categories":[3839,3848],"tags":[6214,1073,227,4429,452,5958,10602],"_links":{"self":[{"href":"http:\/\/desarrollo.grupomedios.com\/futbol\/wp-json\/wp\/v2\/posts\/506355"}],"collection":[{"href":"http:\/\/desarrollo.grupomedios.com\/futbol\/wp-json\/wp\/v2\/posts"}],"about":[{"href":"http:\/\/desarrollo.grupomedios.com\/futbol\/wp-json\/wp\/v2\/types\/post"}],"author":[{"embeddable":true,"href":"http:\/\/desarrollo.grupomedios.com\/futbol\/wp-json\/wp\/v2\/users\/129"}],"replies":[{"embeddable":true,"href":"http:\/\/desarrollo.grupomedios.com\/futbol\/wp-json\/wp\/v2\/comments?post=506355"}],"version-history":[{"count":1,"href":"http:\/\/desarrollo.grupomedios.com\/futbol\/wp-json\/wp\/v2\/posts\/506355\/revisions"}],"predecessor-version":[{"id":506363,"href":"http:\/\/desarrollo.grupomedios.com\/futbol\/wp-json\/wp\/v2\/posts\/506355\/revisions\/506363"}],"wp:featuredmedia":[{"embeddable":true,"href":"http:\/\/desarrollo.grupomedios.com\/futbol\/wp-json\/wp\/v2\/media\/506361"}],"wp:attachment":[{"href":"http:\/\/desarrollo.grupomedios.com\/futbol\/wp-json\/wp\/v2\/media?parent=506355"}],"wp:term":[{"taxonomy":"category","embeddable":true,"href":"http:\/\/desarrollo.grupomedios.com\/futbol\/wp-json\/wp\/v2\/categories?post=506355"},{"taxonomy":"post_tag","embeddable":true,"href":"http:\/\/desarrollo.grupomedios.com\/futbol\/wp-json\/wp\/v2\/tags?post=506355"}],"curies":[{"name":"wp","href":"https:\/\/api.w.org\/{rel}","templated":true}]}}