{"id":506409,"date":"2017-10-24T23:31:19","date_gmt":"2017-10-25T04:31:19","guid":{"rendered":"https:\/\/www.futboltotal.com.mx\/?p=506409"},"modified":"2017-10-24T23:39:59","modified_gmt":"2017-10-25T04:39:59","slug":"paco-jemez-america-cruz-azul-copa-mx","status":"publish","type":"post","link":"http:\/\/desarrollo.grupomedios.com\/futbol\/destacado-home\/paco-jemez-america-cruz-azul-copa-mx\/2017\/10","title":{"rendered":"Paco J\u00e9mez: los que manipulan la informaci\u00f3n son los medios"},"content":{"rendered":"<p><strong>POR: STAFF FT<\/strong><\/p>\n<p><strong>Paco J\u00e9mez<\/strong>, entrenador de <strong>Cruz Azul<\/strong>, asegur\u00f3 que la M\u00e1quina es un buen equipo y que los que malinterpretaron sus declaraciones fueron los medios de comunicaci\u00f3n.<\/p>\n<p>Despu\u00e9s de caer frente a las \u00c1guilas del Am\u00e9rica en los octavos de final de la <strong>Copa MX<\/strong>, el estratega espa\u00f1ol explic\u00f3 que los medios fueron los que hicieron una tormenta sobre sus declaraciones al final del partido de la Liga MX contra Lobos BUAP donde declar\u00f3 que <strong>&#8220;Cruz Azul no es un equipo grande&#8221;<\/strong>.<\/p>\n<p>J\u00e9mez afirm\u00f3 que en ning\u00fan momento dijo que era chico, y que no ten\u00eda que dar explicaciones sobre sus palabras, ya que \u00e9l era responsable de lo que dec\u00eda, pero de lo que los dem\u00e1s interpretar\u00e1n ya no era cuesti\u00f3n de \u00e9l.<\/p>\n<p style=\"text-align: center;\"><span style=\"color: #333399;\"><a href=\"https:\/\/www.futboltotal.com.mx\/futbol-mexicano\/america-la-paternidad-cruz-azul-en-los-memes\/2017\/10\">VER M\u00c1S:\u00a0<span class=\"item-title\">Am\u00e9rica, y la paternidad sobre Cruz Azul en los memes<\/span><\/a><\/span><\/p>\n<p>El estratega cementero se\u00f1al\u00f3 que su escuadra dio un gran partido y que fue un digno rival este d\u00eda en el campo del<strong> estadio Azteca<\/strong>.<\/p>\n<p>Paco J\u00e9mez no quiso entrar en pol\u00e9micas sobre si era expulsi\u00f3n o no la jugada de <strong>Christian &#8216;Chaco&#8217; Gim\u00e9nez<\/strong>, ya que asegur\u00f3 que le qued\u00f3 hasta el otro extremo de la cancha.<\/p>\n<p>Sin embargo, el espa\u00f1ol destac\u00f3 que la expulsi\u00f3n del &#8216;Chaco&#8217; condicion\u00f3 la labor de la M\u00e1quina y no fue posible sacar el resultado en el estadio Azteca en su juego de octavos de final.<\/p>\n<p style=\"text-align: center;\"><span style=\"color: #333399;\"><a href=\"https:\/\/www.futboltotal.com.mx\/destacado-home\/america-1-cruz-azul-0-copa-mx-octavos-final-resumen\/2017\/10\">VER M\u00c1S:\u00a0<span class=\"item-title\">Am\u00e9rica elimina a Cruz Azul de la Copa MX<\/span><\/a><\/span><\/p>\n","protected":false},"excerpt":{"rendered":"<p>El estratega cementero destac\u00f3 la labor de su equipo, pese a la derrota<\/p>\n","protected":false},"author":160,"featured_media":506411,"comment_status":"closed","ping_status":"closed","sticky":false,"template":"","format":"standard","meta":[],"categories":[4247,5,2198,3845],"tags":[5959,285,5962,7053],"_links":{"self":[{"href":"http:\/\/desarrollo.grupomedios.com\/futbol\/wp-json\/wp\/v2\/posts\/506409"}],"collection":[{"href":"http:\/\/desarrollo.grupomedios.com\/futbol\/wp-json\/wp\/v2\/posts"}],"about":[{"href":"http:\/\/desarrollo.grupomedios.com\/futbol\/wp-json\/wp\/v2\/types\/post"}],"author":[{"embeddable":true,"href":"http:\/\/desarrollo.grupomedios.com\/futbol\/wp-json\/wp\/v2\/users\/160"}],"replies":[{"embeddable":true,"href":"http:\/\/desarrollo.grupomedios.com\/futbol\/wp-json\/wp\/v2\/comments?post=506409"}],"version-history":[{"count":2,"href":"http:\/\/desarrollo.grupomedios.com\/futbol\/wp-json\/wp\/v2\/posts\/506409\/revisions"}],"predecessor-version":[{"id":506415,"href":"http:\/\/desarrollo.grupomedios.com\/futbol\/wp-json\/wp\/v2\/posts\/506409\/revisions\/506415"}],"wp:featuredmedia":[{"embeddable":true,"href":"http:\/\/desarrollo.grupomedios.com\/futbol\/wp-json\/wp\/v2\/media\/506411"}],"wp:attachment":[{"href":"http:\/\/desarrollo.grupomedios.com\/futbol\/wp-json\/wp\/v2\/media?parent=506409"}],"wp:term":[{"taxonomy":"category","embeddable":true,"href":"http:\/\/desarrollo.grupomedios.com\/futbol\/wp-json\/wp\/v2\/categories?post=506409"},{"taxonomy":"post_tag","embeddable":true,"href":"http:\/\/desarrollo.grupomedios.com\/futbol\/wp-json\/wp\/v2\/tags?post=506409"}],"curies":[{"name":"wp","href":"https:\/\/api.w.org\/{rel}","templated":true}]}}