{"id":506431,"date":"2017-10-25T09:40:13","date_gmt":"2017-10-25T14:40:13","guid":{"rendered":"https:\/\/www.futboltotal.com.mx\/?p=506431"},"modified":"2017-10-25T12:52:20","modified_gmt":"2017-10-25T17:52:20","slug":"cristiano-ronaldo-recibe-visita-padres-victima-del-rebsamen","status":"publish","type":"post","link":"http:\/\/desarrollo.grupomedios.com\/futbol\/futbol-internacional\/cristiano-ronaldo-recibe-visita-padres-victima-del-rebsamen\/2017\/10","title":{"rendered":"Cristiano Ronaldo recibe visita de padres de v\u00edctima del Rebsamen"},"content":{"rendered":"<p><strong>POR: STAFF FT<\/strong><\/p>\n<p>El astro portugu\u00e9s <strong>Cristiano Ronaldo<\/strong> volvi\u00f3 a mostrar su buen coraz\u00f3n y lado altruista, luego de que el jugador del <strong>Real Madrid<\/strong> recibiera en <strong>Espa\u00f1a<\/strong> a los padres del ni\u00f1o <strong>Santiago Flores Mora<\/strong>, una de las v\u00edctimas que perdi\u00f3 la vida en la <strong>escuela Enrique R\u00e9bsamen<\/strong> tras el terremoto sucedido el 19 de septiembre pasado en M\u00e9xico.<\/p>\n<p>En las instalaciones del club madrile\u00f1o arribaron los pap\u00e1s del peque\u00f1o, un declarado fan\u00e1tico del portugu\u00e9s, llevando las cenizas del ni\u00f1o as\u00ed como la playera que usaba y que tiene el dorsal y nombre del 7 &#8216;merengue&#8217;.<\/p>\n<p style=\"text-align: center;\"><a href=\"https:\/\/www.futboltotal.com.mx\/cambio-de-juego\/isis-usa-imagen-messi-amenazar-mundial-rusia-2018\/2017\/10\" target=\"_blank\" rel=\"noopener\"><span style=\"color: #333399;\">VER M\u00c1S: ISIS usa imagen de Messi para amenazar Mundial Rusia 2018<\/span><\/a><\/p>\n<div id=\"attachment_506439\" style=\"width: 1034px\" class=\"wp-caption aligncenter\"><img aria-describedby=\"caption-attachment-506439\" decoding=\"async\" loading=\"lazy\" class=\"size-large wp-image-506439\" src=\"https:\/\/www.futboltotal.com.mx\/wp-content\/uploads\/2017\/10\/cristiano-ronaldo-recibe-visita-padres-victima-del-rebsamen-1-1024x576.jpg\" alt=\"Cristiano Ronaldo recibi\u00f3 a los padres de Santiago, v\u00edctima del temblor del 19 de septiembre en M\u00e9xico.\" srcset=\"http:\/\/desarrollo.grupomedios.com\/futbol\/wp-content\/uploads\/2017\/10\/cristiano-ronaldo-recibe-visita-padres-victima-del-rebsamen-1-1024x576.jpg 1024w, http:\/\/desarrollo.grupomedios.com\/futbol\/wp-content\/uploads\/2017\/10\/cristiano-ronaldo-recibe-visita-padres-victima-del-rebsamen-1-300x169.jpg 300w, http:\/\/desarrollo.grupomedios.com\/futbol\/wp-content\/uploads\/2017\/10\/cristiano-ronaldo-recibe-visita-padres-victima-del-rebsamen-1-768x432.jpg 768w, http:\/\/desarrollo.grupomedios.com\/futbol\/wp-content\/uploads\/2017\/10\/cristiano-ronaldo-recibe-visita-padres-victima-del-rebsamen-1-393x221.jpg 393w, http:\/\/desarrollo.grupomedios.com\/futbol\/wp-content\/uploads\/2017\/10\/cristiano-ronaldo-recibe-visita-padres-victima-del-rebsamen-1.jpg 1136w\" sizes=\"(max-width: 1024px) 100vw, 1024px\" \/><p id=\"caption-attachment-506439\" class=\"wp-caption-text\">Cristiano Ronaldo recibi\u00f3 a los padres de Santiago, v\u00edctima del temblor del 19 de septiembre en M\u00e9xico.<\/p><\/div>\n<p>A su vez, Ronaldo les entreg\u00f3 unos obsequios, entre ellos un bal\u00f3n y una playera, ambos productos autografiados, adem\u00e1s de tomarse algunas fotos con los padres.<\/p>\n<p>Este acercamiento surgi\u00f3 luego de que a ra\u00edz de la muerte de Santiago sus padres usaran las redes sociales para comunicarse con Cristiano Ronaldo y hacerle saber que su hijo era uno de sus mayores fan\u00e1ticos.<\/p>\n<div id=\"attachment_506440\" style=\"width: 1034px\" class=\"wp-caption aligncenter\"><img aria-describedby=\"caption-attachment-506440\" decoding=\"async\" loading=\"lazy\" class=\"size-large wp-image-506440\" src=\"https:\/\/www.futboltotal.com.mx\/wp-content\/uploads\/2017\/10\/cristiano-ronaldo-recibe-visita-padres-victima-del-rebsamen-2-1024x576.jpg\" alt=\"Cristiano Ronaldo vio la playera que usaba el peque\u00f1o Santiago, v\u00edctima del temblor del 19 de septiembre en M\u00e9xico.\" srcset=\"http:\/\/desarrollo.grupomedios.com\/futbol\/wp-content\/uploads\/2017\/10\/cristiano-ronaldo-recibe-visita-padres-victima-del-rebsamen-2-1024x576.jpg 1024w, http:\/\/desarrollo.grupomedios.com\/futbol\/wp-content\/uploads\/2017\/10\/cristiano-ronaldo-recibe-visita-padres-victima-del-rebsamen-2-300x169.jpg 300w, http:\/\/desarrollo.grupomedios.com\/futbol\/wp-content\/uploads\/2017\/10\/cristiano-ronaldo-recibe-visita-padres-victima-del-rebsamen-2-768x432.jpg 768w, http:\/\/desarrollo.grupomedios.com\/futbol\/wp-content\/uploads\/2017\/10\/cristiano-ronaldo-recibe-visita-padres-victima-del-rebsamen-2-393x221.jpg 393w, http:\/\/desarrollo.grupomedios.com\/futbol\/wp-content\/uploads\/2017\/10\/cristiano-ronaldo-recibe-visita-padres-victima-del-rebsamen-2.jpg 1136w\" sizes=\"(max-width: 1024px) 100vw, 1024px\" \/><p id=\"caption-attachment-506440\" class=\"wp-caption-text\">Cristiano Ronaldo vio la playera que usaba el peque\u00f1o Santiago, v\u00edctima del temblor del 19 de septiembre en M\u00e9xico.<\/p><\/div>\n","protected":false},"excerpt":{"rendered":"<p>El astro del Real Madrid fue anfitri\u00f3n en Espa\u00f1a de los pap\u00e1s del peque\u00f1o Santiago.<\/p>\n","protected":false},"author":154,"featured_media":506439,"comment_status":"closed","ping_status":"closed","sticky":false,"template":"","format":"standard","meta":[],"categories":[3839,3844],"tags":[6013,10277,253,10848,10847,5988,10329],"_links":{"self":[{"href":"http:\/\/desarrollo.grupomedios.com\/futbol\/wp-json\/wp\/v2\/posts\/506431"}],"collection":[{"href":"http:\/\/desarrollo.grupomedios.com\/futbol\/wp-json\/wp\/v2\/posts"}],"about":[{"href":"http:\/\/desarrollo.grupomedios.com\/futbol\/wp-json\/wp\/v2\/types\/post"}],"author":[{"embeddable":true,"href":"http:\/\/desarrollo.grupomedios.com\/futbol\/wp-json\/wp\/v2\/users\/154"}],"replies":[{"embeddable":true,"href":"http:\/\/desarrollo.grupomedios.com\/futbol\/wp-json\/wp\/v2\/comments?post=506431"}],"version-history":[{"count":2,"href":"http:\/\/desarrollo.grupomedios.com\/futbol\/wp-json\/wp\/v2\/posts\/506431\/revisions"}],"predecessor-version":[{"id":506483,"href":"http:\/\/desarrollo.grupomedios.com\/futbol\/wp-json\/wp\/v2\/posts\/506431\/revisions\/506483"}],"wp:featuredmedia":[{"embeddable":true,"href":"http:\/\/desarrollo.grupomedios.com\/futbol\/wp-json\/wp\/v2\/media\/506439"}],"wp:attachment":[{"href":"http:\/\/desarrollo.grupomedios.com\/futbol\/wp-json\/wp\/v2\/media?parent=506431"}],"wp:term":[{"taxonomy":"category","embeddable":true,"href":"http:\/\/desarrollo.grupomedios.com\/futbol\/wp-json\/wp\/v2\/categories?post=506431"},{"taxonomy":"post_tag","embeddable":true,"href":"http:\/\/desarrollo.grupomedios.com\/futbol\/wp-json\/wp\/v2\/tags?post=506431"}],"curies":[{"name":"wp","href":"https:\/\/api.w.org\/{rel}","templated":true}]}}