{"id":506435,"date":"2017-10-25T09:42:47","date_gmt":"2017-10-25T14:42:47","guid":{"rendered":"https:\/\/www.futboltotal.com.mx\/?p=506435"},"modified":"2017-10-25T09:42:47","modified_gmt":"2017-10-25T14:42:47","slug":"aficionados-del-america-fueron-agredidos-la-policia-en-azteca","status":"publish","type":"post","link":"http:\/\/desarrollo.grupomedios.com\/futbol\/futbol-mexicano\/aficionados-del-america-fueron-agredidos-la-policia-en-azteca\/2017\/10","title":{"rendered":"Aficionados del Am\u00e9rica fueron agredidos por la polic\u00eda en el Azteca"},"content":{"rendered":"<p>Luego del triunfo de <strong>Am\u00e9rica<\/strong> ante <strong>Cruz Azul<\/strong> que le dio el pase a los azulcremas a los <strong>Cuartos de Final<\/strong> de la <strong>Copa MX<\/strong>, la afici\u00f3n de las <strong>\u00c1guilas<\/strong> fue agredida cuando sal\u00edan del <strong>estadio Azteca<\/strong>.<\/p>\n<p>En un video compartido en redes sociales por aficionados y la cuenta de la agencia de noticias <em>Pressport<\/em>, se ve c\u00f3mo los elementos de la<strong> Secretar\u00eda de Seguridad P\u00fablica de la Ciudad de M\u00e9xico<\/strong> agreden a seguidores que portan la camiseta americanista.<\/p>\n<p>Al personal de seguridad no le import\u00f3 qui\u00e9nes estaban y desataron la violencia ante la presencia de ni\u00f1os, adultos y gente de la tercera edad que sal\u00eda de los t\u00faneles del Azteca tras el triunfo del Am\u00e9rica.<\/p>\n<p style=\"text-align: center;\"><span style=\"color: #3366ff;\"><a href=\"https:\/\/www.futboltotal.com.mx\/cambio-de-juego\/isis-usa-imagen-messi-amenazar-mundial-rusia-2018\/2017\/10\">VER M\u00c1S: ISIS usa imagen de Messi para amenazar Mundial Rusia 2018<\/a><\/span><\/p>\n<blockquote class=\"twitter-video\" data-lang=\"en\">\n<p dir=\"ltr\" lang=\"es\">&#x1f4f9; En el partido de ayer en el Azteca, algunos aficionados americanistas fueron agredidos por elementos de la <a href=\"https:\/\/twitter.com\/SSP_CDMX?ref_src=twsrc%5Etfw\">@SSP_CDMX<\/a> en preferente norte. <a href=\"https:\/\/t.co\/fw4BqrG92M\">pic.twitter.com\/fw4BqrG92M<\/a><\/p>\n<p>\u2014 PressPort (@PressPortmx) <a href=\"https:\/\/twitter.com\/PressPortmx\/status\/923183674606215168?ref_src=twsrc%5Etfw\">October 25, 2017<\/a><\/p><\/blockquote>\n<p><script async src=\"\/\/platform.twitter.com\/widgets.js\" charset=\"utf-8\"><\/script><\/p>\n<blockquote class=\"twitter-video\" data-lang=\"en\">\n<p dir=\"ltr\" lang=\"es\">La agresi\u00f3n fue contra todos: ni\u00f1os, mujeres y se\u00f1ores de la tercera edad, en una zona familiar en el Azteca.<\/p>\n<p>&#x1f4f9; <a href=\"https:\/\/twitter.com\/DelCremaSoy1916?ref_src=twsrc%5Etfw\">@DelCremaSoy1916<\/a> <a href=\"https:\/\/t.co\/dVaM50vai8\">pic.twitter.com\/dVaM50vai8<\/a><\/p>\n<p>\u2014 PressPort (@PressPortmx) <a href=\"https:\/\/twitter.com\/PressPortmx\/status\/923185202452684800?ref_src=twsrc%5Etfw\">October 25, 2017<\/a><\/p><\/blockquote>\n<p><script async src=\"\/\/platform.twitter.com\/widgets.js\" charset=\"utf-8\"><\/script><\/p>\n","protected":false},"excerpt":{"rendered":"<p>Los aficionados azulcremas sal\u00edan de los t\u00faneles del estadio.<\/p>\n","protected":false},"author":129,"featured_media":506441,"comment_status":"closed","ping_status":"closed","sticky":false,"template":"","format":"standard","meta":[],"categories":[4247,2198],"tags":[10850,1585,10851,5959,7151,285,5962,10849],"_links":{"self":[{"href":"http:\/\/desarrollo.grupomedios.com\/futbol\/wp-json\/wp\/v2\/posts\/506435"}],"collection":[{"href":"http:\/\/desarrollo.grupomedios.com\/futbol\/wp-json\/wp\/v2\/posts"}],"about":[{"href":"http:\/\/desarrollo.grupomedios.com\/futbol\/wp-json\/wp\/v2\/types\/post"}],"author":[{"embeddable":true,"href":"http:\/\/desarrollo.grupomedios.com\/futbol\/wp-json\/wp\/v2\/users\/129"}],"replies":[{"embeddable":true,"href":"http:\/\/desarrollo.grupomedios.com\/futbol\/wp-json\/wp\/v2\/comments?post=506435"}],"version-history":[{"count":1,"href":"http:\/\/desarrollo.grupomedios.com\/futbol\/wp-json\/wp\/v2\/posts\/506435\/revisions"}],"predecessor-version":[{"id":506444,"href":"http:\/\/desarrollo.grupomedios.com\/futbol\/wp-json\/wp\/v2\/posts\/506435\/revisions\/506444"}],"wp:featuredmedia":[{"embeddable":true,"href":"http:\/\/desarrollo.grupomedios.com\/futbol\/wp-json\/wp\/v2\/media\/506441"}],"wp:attachment":[{"href":"http:\/\/desarrollo.grupomedios.com\/futbol\/wp-json\/wp\/v2\/media?parent=506435"}],"wp:term":[{"taxonomy":"category","embeddable":true,"href":"http:\/\/desarrollo.grupomedios.com\/futbol\/wp-json\/wp\/v2\/categories?post=506435"},{"taxonomy":"post_tag","embeddable":true,"href":"http:\/\/desarrollo.grupomedios.com\/futbol\/wp-json\/wp\/v2\/tags?post=506435"}],"curies":[{"name":"wp","href":"https:\/\/api.w.org\/{rel}","templated":true}]}}