{"id":506451,"date":"2017-10-25T10:43:45","date_gmt":"2017-10-25T15:43:45","guid":{"rendered":"https:\/\/www.futboltotal.com.mx\/?p=506451"},"modified":"2017-10-25T10:43:45","modified_gmt":"2017-10-25T15:43:45","slug":"real-madrid-en-la-tiene-en-la-mira-a-jugador-del-tottenham","status":"publish","type":"post","link":"http:\/\/desarrollo.grupomedios.com\/futbol\/futbol-internacional\/real-madrid-en-la-tiene-en-la-mira-a-jugador-del-tottenham\/2017\/10","title":{"rendered":"Real Madrid tiene en la mira a otro jugador del Tottenham"},"content":{"rendered":"<p><strong>POR: STAFF FT<\/strong><\/p>\n<p>El <strong>Real Madrid<\/strong> es uno de los clubes que m\u00e1s se encuentran inmersos en los rumores sobre nuevos fichajes, porque cada informaci\u00f3n que surge sobre la entidad merengue se convierte en noticia y es que en la actualidad se sabe que el equipo est\u00e1 en busca de un defensa central y el periodista, <strong>Pipi Estrada<\/strong>, colaborador de<i>\u00a0El Chiringuito de Mega,\u00a0<\/i>ha trascendido que tienen en la mira a un jugador del <strong>Tottenham Hotspur.<\/strong><\/p>\n<p>Desde hace unas semanas se ha difundido el supuesto inter\u00e9s de Real Madrid por <strong>Harry Kane<\/strong>, tambi\u00e9n futbolista de los <strong>Spurs<\/strong>, pero luego del duelo que han disputado den Champions League, otro jugador ha llamado la atenci\u00f3n del cuadro merengue, se trata de\u00a0<strong>Toby Alderweireld,\u00a0<\/strong>quien ya conoce la liga de Espa\u00f1a, pues tuvo un breve paso por el <strong>Atl\u00e9tico de Madrid<\/strong>.<\/p>\n<p style=\"text-align: center;\"><a href=\"https:\/\/www.futboltotal.com.mx\/copa-mundial-2018\/filtran-posible-jersey-uruguay-rusia-2018\" target=\"_blank\" rel=\"noopener\">VER M\u00c1S: Filtran posible jersey de Uruguay para Rusia 2018<\/a><\/p>\n<p>El defensa central <strong>belga<\/strong> de <strong>28 a\u00f1os<\/strong>, se ha convertido en una de las piezas fundamentales para los Spurs, en la temporada actual suma 12 encuentros y se ha ganado la completa confianza del estratega\u00a0<strong>Mauricio Pochettino<\/strong>, sin embargo el cuadro londinense tiene problemas para renovarlo, por lo que el inter\u00e9s de otros equipos ha rondado, ya se hab\u00eda comentado que el\u00a0<strong>Inter de Mil\u00e1n<\/strong> lo estaba sondeando y ahora<strong> Real Madrid<\/strong> lo tendr\u00eda en su agenda.<\/p>\n<p>Los merengues est\u00e1n en busca de un defensa central que pueda redondear la parte baja, luego de la salida de <strong>Pepe<\/strong> al futbol turco y toda vez que\u00a0<strong>Jes\u00fas Vallejo<\/strong> no ha podido debutar debido a una lesi\u00f3n y que por el momento es toda una inc\u00f3gnita. Solo <strong>Sergio Ramos<\/strong> y <strong>Rapha\u00ebl Varane<\/strong> son los centrales que tiene habilitados el equipo de <strong>Zinedine Zidane<\/strong>, aunque ha improvisado a otros futbolistas en esa posici\u00f3n, necesitan de un jugador de garant\u00edas en la parte de los zagueros.<\/p>\n<blockquote class=\"twitter-tweet\" data-lang=\"es\">\n<p dir=\"ltr\" lang=\"es\">&#8220;Alderweireld es el central que quiere Zidane&#8221;. \u00a1OJO a las PALABRAS de <a href=\"https:\/\/twitter.com\/PipiEstrada1?ref_src=twsrc%5Etfw\">@PipiEstrada1<\/a> en <a href=\"https:\/\/twitter.com\/hashtag\/ElChiringuitoDeMega?src=hash&amp;ref_src=twsrc%5Etfw\">#ElChiringuitoDeMega<\/a>! <a href=\"https:\/\/t.co\/4Bem1ZYiLJ\">pic.twitter.com\/4Bem1ZYiLJ<\/a><\/p>\n<p>\u2014 El Chiringuito TV (@elchiringuitotv) <a href=\"https:\/\/twitter.com\/elchiringuitotv\/status\/922971795690573824?ref_src=twsrc%5Etfw\">24 de octubre de 2017<\/a><\/p><\/blockquote>\n<p><script async src=\"\/\/platform.twitter.com\/widgets.js\" charset=\"utf-8\"><\/script><\/p>\n<p style=\"text-align: center;\"><a href=\"https:\/\/www.futboltotal.com.mx\/futbol-internacional\/liga-de-espana\/cristiano-ronaldo-recibe-visita-padres-victima-del-rebsamen\/2017\/10\" target=\"_blank\" rel=\"noopener\">VER M\u00c1S: Cristiano Ronaldo recibe visita de padres de v\u00edctima del Rebsamen<\/a><\/p>\n","protected":false},"excerpt":{"rendered":"<p>El cuadro merengue est\u00e1 en busca de un defensa central<\/p>\n","protected":false},"author":159,"featured_media":506452,"comment_status":"closed","ping_status":"closed","sticky":false,"template":"","format":"standard","meta":[],"categories":[7740,3839,3844],"tags":[5988,10852,7017],"_links":{"self":[{"href":"http:\/\/desarrollo.grupomedios.com\/futbol\/wp-json\/wp\/v2\/posts\/506451"}],"collection":[{"href":"http:\/\/desarrollo.grupomedios.com\/futbol\/wp-json\/wp\/v2\/posts"}],"about":[{"href":"http:\/\/desarrollo.grupomedios.com\/futbol\/wp-json\/wp\/v2\/types\/post"}],"author":[{"embeddable":true,"href":"http:\/\/desarrollo.grupomedios.com\/futbol\/wp-json\/wp\/v2\/users\/159"}],"replies":[{"embeddable":true,"href":"http:\/\/desarrollo.grupomedios.com\/futbol\/wp-json\/wp\/v2\/comments?post=506451"}],"version-history":[{"count":1,"href":"http:\/\/desarrollo.grupomedios.com\/futbol\/wp-json\/wp\/v2\/posts\/506451\/revisions"}],"predecessor-version":[{"id":506453,"href":"http:\/\/desarrollo.grupomedios.com\/futbol\/wp-json\/wp\/v2\/posts\/506451\/revisions\/506453"}],"wp:featuredmedia":[{"embeddable":true,"href":"http:\/\/desarrollo.grupomedios.com\/futbol\/wp-json\/wp\/v2\/media\/506452"}],"wp:attachment":[{"href":"http:\/\/desarrollo.grupomedios.com\/futbol\/wp-json\/wp\/v2\/media?parent=506451"}],"wp:term":[{"taxonomy":"category","embeddable":true,"href":"http:\/\/desarrollo.grupomedios.com\/futbol\/wp-json\/wp\/v2\/categories?post=506451"},{"taxonomy":"post_tag","embeddable":true,"href":"http:\/\/desarrollo.grupomedios.com\/futbol\/wp-json\/wp\/v2\/tags?post=506451"}],"curies":[{"name":"wp","href":"https:\/\/api.w.org\/{rel}","templated":true}]}}