{"id":506477,"date":"2017-10-25T12:50:11","date_gmt":"2017-10-25T17:50:11","guid":{"rendered":"https:\/\/www.futboltotal.com.mx\/?p=506477"},"modified":"2017-10-25T13:35:47","modified_gmt":"2017-10-25T18:35:47","slug":"neymar-sus-privilegios-rompen-vestidor-del-psg","status":"publish","type":"post","link":"http:\/\/desarrollo.grupomedios.com\/futbol\/futbol-internacional\/neymar-sus-privilegios-rompen-vestidor-del-psg\/2017\/10","title":{"rendered":"Neymar y sus privilegios rompen el vestidor del PSG"},"content":{"rendered":"<p><strong>POR: STAFF FT<\/strong><\/p>\n<p><strong>Neymar<\/strong> ha causado un gran revuelo desde su llegada al <strong>Paris Saint-Germain<\/strong>, siendo uno de los jugadores m\u00e1s medi\u00e1ticos que existen en la actualidad, adem\u00e1s que el esfuerzo monetario result\u00f3 en el m\u00e1s alto de la historia. Sin embargo, el vestidor del conjunto parisino no estar\u00eda del todo contento con la llegada del brasile\u00f1o, de acuerdo al\u00a0diario franc\u00e9s\u00a0<em>Le Parisien,\u00a0<\/em>quien dio a conocer los conflictos que existen en el interior del equipo.<\/p>\n<p>De acuerdo al rotativo, el futbolistas tiene una serie de privilegios dentro del terreno de juego; como la total libertad para <strong>no defender<\/strong> junto al resto del equipo cuando se pierde el esf\u00e9rico, adem\u00e1s de contar con el permiso de <strong>arrastrar el bal\u00f3n<\/strong> tanto como desee, sin importar la situaci\u00f3n.<\/p>\n<p style=\"text-align: center;\"><a href=\"https:\/\/www.futboltotal.com.mx\/futbol-internacional\/mexicanos-en-europa\/television-espanola-se-rinde-ante-hirving-lozano\/2017\/10\">VER M\u00c1S: Televisi\u00f3n espa\u00f1ola se rinde ante Hirving Lozano<\/a><\/p>\n<p>Por otro lado, otra de las molestias que se perciben con el resto de sus compa\u00f1eros es que recibe un trato especial en cuanto a los<strong>\u00a0derechos de imagen<\/strong> y la <strong>comercializaci\u00f3n<\/strong> de su marca. Incluso esto entrar\u00eda en las\u00a0<strong>bolsas de mano<\/strong>, las cuales utilizan los futbolistas para llevar sus pertenencias m\u00e1s personales durante las concentraciones, las cuales son totalmente diferentes <strong>Neymar<\/strong> a las del resto de la plantilla.<\/p>\n<p>El rotativo indica que una de las instrucciones durante los entrenamientos es proteger sobremanera al brasile\u00f1o, es decir no golpearle o realizar alguna entrada que lo ponga en riesgo y con ello no pueda participar en el siguiente partido en turno. &#8220;Diariamente,\u00a0<strong>Neymar<\/strong>\u00a0se beneficia de los servicios de dos fisioterapeutas de confianza, Rafael Martini y Ricardo Rosa, quienes llegaron a Par\u00eds junto a su equipaje y se integraron al personal del\u00a0<strong>PSG<\/strong>&#8220;, explican.<\/p>\n<p>Esto agravar\u00eda la situaci\u00f3n que vive el estratega, <strong>Unai Emery<\/strong>, quien ya habr\u00eda tenido que lidiar con el conflicto que se suscito entre el uruguayo, <strong>Edinson Cavani<\/strong> y la estrella brasile\u00f1a, quienes se disputaron la pelota para cobrar un penal y un tiro libre, por lo que de existir este conflicto resultar\u00eda en toda una novela dentro del cuadro parisino.<\/p>\n<p style=\"text-align: center;\"><a href=\"https:\/\/www.futboltotal.com.mx\/copa-mundial-2018\/filtran-posible-jersey-uruguay-rusia-2018\">VER M\u00c1S: Filtran posible jersey de Uruguay para Rusia 2018<\/a><\/p>\n","protected":false},"excerpt":{"rendered":"<p>El brasile\u00f1o ha causado descontento con sus compa\u00f1eros<\/p>\n","protected":false},"author":159,"featured_media":506481,"comment_status":"closed","ping_status":"closed","sticky":false,"template":"","format":"standard","meta":[],"categories":[3839,9609],"tags":[413,2028,6001,1376],"_links":{"self":[{"href":"http:\/\/desarrollo.grupomedios.com\/futbol\/wp-json\/wp\/v2\/posts\/506477"}],"collection":[{"href":"http:\/\/desarrollo.grupomedios.com\/futbol\/wp-json\/wp\/v2\/posts"}],"about":[{"href":"http:\/\/desarrollo.grupomedios.com\/futbol\/wp-json\/wp\/v2\/types\/post"}],"author":[{"embeddable":true,"href":"http:\/\/desarrollo.grupomedios.com\/futbol\/wp-json\/wp\/v2\/users\/159"}],"replies":[{"embeddable":true,"href":"http:\/\/desarrollo.grupomedios.com\/futbol\/wp-json\/wp\/v2\/comments?post=506477"}],"version-history":[{"count":2,"href":"http:\/\/desarrollo.grupomedios.com\/futbol\/wp-json\/wp\/v2\/posts\/506477\/revisions"}],"predecessor-version":[{"id":506499,"href":"http:\/\/desarrollo.grupomedios.com\/futbol\/wp-json\/wp\/v2\/posts\/506477\/revisions\/506499"}],"wp:featuredmedia":[{"embeddable":true,"href":"http:\/\/desarrollo.grupomedios.com\/futbol\/wp-json\/wp\/v2\/media\/506481"}],"wp:attachment":[{"href":"http:\/\/desarrollo.grupomedios.com\/futbol\/wp-json\/wp\/v2\/media?parent=506477"}],"wp:term":[{"taxonomy":"category","embeddable":true,"href":"http:\/\/desarrollo.grupomedios.com\/futbol\/wp-json\/wp\/v2\/categories?post=506477"},{"taxonomy":"post_tag","embeddable":true,"href":"http:\/\/desarrollo.grupomedios.com\/futbol\/wp-json\/wp\/v2\/tags?post=506477"}],"curies":[{"name":"wp","href":"https:\/\/api.w.org\/{rel}","templated":true}]}}