{"id":506479,"date":"2017-10-25T13:01:00","date_gmt":"2017-10-25T18:01:00","guid":{"rendered":"https:\/\/www.futboltotal.com.mx\/?p=506479"},"modified":"2017-10-25T13:01:00","modified_gmt":"2017-10-25T18:01:00","slug":"fan-invidente-cruz-azul-conoce-a-chaco-gimenez-cumple-sueno","status":"publish","type":"post","link":"http:\/\/desarrollo.grupomedios.com\/futbol\/videos\/fan-invidente-cruz-azul-conoce-a-chaco-gimenez-cumple-sueno\/2017\/10","title":{"rendered":"Fan invidente de Cruz Azul conoce a Chaco Gim\u00e9nez y cumple su sue\u00f1o"},"content":{"rendered":"<p>Hace unos d\u00edas durante el <strong>Cruz Azul vs Am\u00e9rica<\/strong> que se disput\u00f3 en la <strong>Liga MX,<\/strong> dos hermanos que compart\u00edan la rivalidad por estos equipos le dieron la vuelta al mundo cuando uno le narraba al otro el gol de <strong>La M\u00e1quina<\/strong> debido a que es invidente.<\/p>\n<p>Ahora durante el duelo de los <strong>Octavos de Final de la Copa MX<\/strong> entre las <strong>\u00c1guilas<\/strong> y los <strong>cementeros<\/strong> en el<strong> estadio Azteca<\/strong>, ambos fueron invitados para conocer la cancha del Coloso de Santa \u00darsula y disfrutar del partido, donde incluso el seguidor de la M\u00e1quina pudo conocer a Christian Gim\u00e9nez.<\/p>\n<p>El diario Reforma comparti\u00f3 un video donde ambos aparecen pisando la cancha del Azteca.<\/p>\n<p style=\"text-align: center;\"><span style=\"color: #3366ff;\"><a href=\"https:\/\/www.futboltotal.com.mx\/futbol-internacional\/mexicanos-en-europa\/television-espanola-se-rinde-ante-hirving-lozano\/2017\/10\">VER M\u00c1S: Televisi\u00f3n espa\u00f1ola se rinde ante Hirving Lozano<\/a><\/span><\/p>\n<blockquote class=\"twitter-video\" data-lang=\"en\">\n<p dir=\"ltr\" lang=\"es\">&#x1f4f9; La narraci\u00f3n a su hermano del juego pasado de <a href=\"https:\/\/twitter.com\/hashtag\/CruzAzul?src=hash&amp;ref_src=twsrc%5Etfw\">#CruzAzul<\/a> vs. <a href=\"https:\/\/twitter.com\/ClubAmerica?ref_src=twsrc%5Etfw\">@ClubAmerica<\/a> se hizo viral, hoy le describe el <a href=\"https:\/\/twitter.com\/hashtag\/Azteca?src=hash&amp;ref_src=twsrc%5Etfw\">#Azteca<\/a> (V\u00eda <a href=\"https:\/\/twitter.com\/AguevaraLara?ref_src=twsrc%5Etfw\">@AguevaraLara<\/a>) <a href=\"https:\/\/t.co\/wpHXBXnPhR\">pic.twitter.com\/wpHXBXnPhR<\/a><\/p>\n<p>\u2014 CANCHA (@reformacancha) <a href=\"https:\/\/twitter.com\/reformacancha\/status\/922994261334749184?ref_src=twsrc%5Etfw\">October 25, 2017<\/a><\/p><\/blockquote>\n<p><script async src=\"\/\/platform.twitter.com\/widgets.js\" charset=\"utf-8\"><\/script><\/p>\n<p>Por si fuera poco, tambi\u00e9n visitaron al Chaco Gim\u00e9nez, quien le dio un abrazo a ambos y les dedic\u00f3 unas palabras de aliento antes del encuentro.<\/p>\n<blockquote class=\"twitter-video\" data-lang=\"en\">\n<p dir=\"ltr\" lang=\"es\">\u00a1Momentazo! &#x1f44f;&#x1f622;<\/p>\n<p>El fan\u00e1tico invidente de <a href=\"https:\/\/twitter.com\/Cruz_Azul_FC?ref_src=twsrc%5Etfw\">@Cruz_Azul_FC<\/a> conoce a su \u00eddolo: <a href=\"https:\/\/twitter.com\/chaco_81?ref_src=twsrc%5Etfw\">@chaco_81<\/a> &#x1f499;<\/p>\n<p>&#x1f3a5; | <a href=\"https:\/\/twitter.com\/Nery_Ernesto?ref_src=twsrc%5Etfw\">@Nery_Ernesto<\/a><a href=\"https:\/\/t.co\/pfff5T0fPJ\">https:\/\/t.co\/pfff5T0fPJ<\/a> <a href=\"https:\/\/t.co\/RHsUQjKUaR\">pic.twitter.com\/RHsUQjKUaR<\/a><\/p>\n<p>\u2014 DIARIO R\u00c9CORD (@record_mexico) <a href=\"https:\/\/twitter.com\/record_mexico\/status\/922991942639681536?ref_src=twsrc%5Etfw\">October 25, 2017<\/a><\/p><\/blockquote>\n<p><script async src=\"\/\/platform.twitter.com\/widgets.js\" charset=\"utf-8\"><\/script><\/p>\n<p>Este fue el video que hace unas semanas hizo famosos a estos dos hermanos, pues no hay duda que la rivalidad y los colores no es impedimento para separar el gran lazo que los une.<\/p>\n","protected":false},"excerpt":{"rendered":"<p>Ambos hermanos pudieron pisar la cancha del estadio Azteca.<\/p>\n","protected":false},"author":129,"featured_media":506485,"comment_status":"closed","ping_status":"closed","sticky":false,"template":"","format":"standard","meta":[],"categories":[2198,3845,4],"tags":[5959,368,285,5962,554,10860],"_links":{"self":[{"href":"http:\/\/desarrollo.grupomedios.com\/futbol\/wp-json\/wp\/v2\/posts\/506479"}],"collection":[{"href":"http:\/\/desarrollo.grupomedios.com\/futbol\/wp-json\/wp\/v2\/posts"}],"about":[{"href":"http:\/\/desarrollo.grupomedios.com\/futbol\/wp-json\/wp\/v2\/types\/post"}],"author":[{"embeddable":true,"href":"http:\/\/desarrollo.grupomedios.com\/futbol\/wp-json\/wp\/v2\/users\/129"}],"replies":[{"embeddable":true,"href":"http:\/\/desarrollo.grupomedios.com\/futbol\/wp-json\/wp\/v2\/comments?post=506479"}],"version-history":[{"count":1,"href":"http:\/\/desarrollo.grupomedios.com\/futbol\/wp-json\/wp\/v2\/posts\/506479\/revisions"}],"predecessor-version":[{"id":506486,"href":"http:\/\/desarrollo.grupomedios.com\/futbol\/wp-json\/wp\/v2\/posts\/506479\/revisions\/506486"}],"wp:featuredmedia":[{"embeddable":true,"href":"http:\/\/desarrollo.grupomedios.com\/futbol\/wp-json\/wp\/v2\/media\/506485"}],"wp:attachment":[{"href":"http:\/\/desarrollo.grupomedios.com\/futbol\/wp-json\/wp\/v2\/media?parent=506479"}],"wp:term":[{"taxonomy":"category","embeddable":true,"href":"http:\/\/desarrollo.grupomedios.com\/futbol\/wp-json\/wp\/v2\/categories?post=506479"},{"taxonomy":"post_tag","embeddable":true,"href":"http:\/\/desarrollo.grupomedios.com\/futbol\/wp-json\/wp\/v2\/tags?post=506479"}],"curies":[{"name":"wp","href":"https:\/\/api.w.org\/{rel}","templated":true}]}}