{"id":506488,"date":"2017-10-25T13:39:38","date_gmt":"2017-10-25T18:39:38","guid":{"rendered":"https:\/\/www.futboltotal.com.mx\/?p=506488"},"modified":"2017-10-25T13:56:04","modified_gmt":"2017-10-25T18:56:04","slug":"equipo-checo-perez-pierde-partido-la-pista-a-la-cancha","status":"publish","type":"post","link":"http:\/\/desarrollo.grupomedios.com\/futbol\/no-todo-es-futbol\/equipo-checo-perez-pierde-partido-la-pista-a-la-cancha\/2017\/10","title":{"rendered":"Equipo de Checo P\u00e9rez pierde partido &#8216;De la pista a la cancha&#8217;"},"content":{"rendered":"<p><strong>POR: STAFF FT<\/strong><\/p>\n<p>Como parte de las actividades previas al <strong>Gran Premio de M\u00e9xico<\/strong> de la <strong>F\u00f3rmula 1<\/strong>, se llev\u00f3 a cabo en la <strong>Ciudad de M\u00e9xico<\/strong> un partido amistoso denominado &#8216;<strong>De la pista a la cancha<\/strong>&#8216;, en el que el piloto mexicano <strong>Sergio &#8216;Checo&#8217; P\u00e9rez<\/strong> logr\u00f3 un triplete que no evit\u00f3 la derrota de su equipo.<\/p>\n<p>Incluyendo a futbolistas, luchadores, pilotos de carreras y personalidades, el equipo blanco venci\u00f3 19-16 al equipo azul, en el que jug\u00f3 &#8216;Checo&#8217;.<\/p>\n<p style=\"text-align: center;\"><a href=\"https:\/\/www.futboltotal.com.mx\/otros-deportes\/checo-perez-usara-casco-especial-por-victimas-del-sismo\/2017\/10\" target=\"_blank\" rel=\"noopener\"><span style=\"color: #333399;\">VER M\u00c1S: Checo P\u00e9rez usar\u00e1 casco especial por v\u00edctimas del sismo<\/span><\/a><\/p>\n<p>&nbsp;<\/p>\n<blockquote class=\"twitter-video\" data-lang=\"es\">\n<p dir=\"ltr\" lang=\"es\">De la pista a la cancha \u26bd\ufe0f!!! <a href=\"https:\/\/twitter.com\/SChecoPerez?ref_src=twsrc%5Etfw\">@SChecoPerez<\/a> lidera los azules,<a href=\"https:\/\/twitter.com\/TataCalde?ref_src=twsrc%5Etfw\">@TataCalde<\/a> en su equipo. En el otro juegan <a href=\"https:\/\/twitter.com\/memorojas15?ref_src=twsrc%5Etfw\">@memorojas15<\/a> y&#8230; <a href=\"https:\/\/twitter.com\/OconEsteban?ref_src=twsrc%5Etfw\">@OconEsteban<\/a>! <a href=\"https:\/\/t.co\/avv8ah58TG\">pic.twitter.com\/avv8ah58TG<\/a><\/p>\n<p>\u2014 Diego Mejia (@diegofmejia) <a href=\"https:\/\/twitter.com\/diegofmejia\/status\/923225280965066752?ref_src=twsrc%5Etfw\">25 de octubre de 2017<\/a><\/p><\/blockquote>\n<p><script async src=\"\/\/platform.twitter.com\/widgets.js\" charset=\"utf-8\"><\/script><\/p>\n<p>Los t\u00e9cnicos de los equipos fueron los comentaristas deportivos Andr\u00e9 Mar\u00edn y Ra\u00fal Orva\u00f1anos y entre los jugadores participaron los futbolistas\u00a0<strong>Gabriel Pe\u00f1alba, Abraham Gonz\u00e1lez<\/strong> y<strong> Pablo Barrera<\/strong>, as\u00ed como el ex t\u00e9cnico<strong> Rub\u00e9n Omar Romano<\/strong>\u00a0o los luchadores <strong>Tinieblas Jr.<\/strong> y \u00a0<strong>M\u00e1scara Sagrada<\/strong>.<\/p>\n<p><img decoding=\"async\" loading=\"lazy\" class=\"aligncenter size-large wp-image-506497\" src=\"https:\/\/www.futboltotal.com.mx\/wp-content\/uploads\/2017\/10\/equipo-checo-perez-pierde-partido-la-pista-a-la-cancha-1-1024x576.jpg\" alt=\"Equipo de Checo P\u00e9rez pierde partido &#8216;De la pista a la cancha&#8217; 0\" srcset=\"http:\/\/desarrollo.grupomedios.com\/futbol\/wp-content\/uploads\/2017\/10\/equipo-checo-perez-pierde-partido-la-pista-a-la-cancha-1-1024x576.jpg 1024w, http:\/\/desarrollo.grupomedios.com\/futbol\/wp-content\/uploads\/2017\/10\/equipo-checo-perez-pierde-partido-la-pista-a-la-cancha-1-300x169.jpg 300w, http:\/\/desarrollo.grupomedios.com\/futbol\/wp-content\/uploads\/2017\/10\/equipo-checo-perez-pierde-partido-la-pista-a-la-cancha-1-768x432.jpg 768w, http:\/\/desarrollo.grupomedios.com\/futbol\/wp-content\/uploads\/2017\/10\/equipo-checo-perez-pierde-partido-la-pista-a-la-cancha-1-393x221.jpg 393w, http:\/\/desarrollo.grupomedios.com\/futbol\/wp-content\/uploads\/2017\/10\/equipo-checo-perez-pierde-partido-la-pista-a-la-cancha-1.jpg 1136w\" sizes=\"(max-width: 1024px) 100vw, 1024px\" \/><\/p>\n<h4>&#8216;CHECO&#8217; FUE EL GOLEADOR DE SU EQUIPO<\/h4>\n<p>Ni los tres goles de &#8216;Checo&#8217; bastaron para evitar la derrota de su equipo, adem\u00e1s de que llam\u00f3 la atenci\u00f3n que el coequipero de <strong>P\u00e9rez<\/strong> en la escuder\u00eda <strong>Force India<\/strong>, el franc\u00e9s <strong>Esteban Ocon<\/strong>, jug\u00f3 en el equipo rival, ingrediente que puso m\u00e1s morbo a la relaci\u00f3n entre ambos.<\/p>\n<p><img decoding=\"async\" loading=\"lazy\" class=\"aligncenter size-large wp-image-506498\" src=\"https:\/\/www.futboltotal.com.mx\/wp-content\/uploads\/2017\/10\/equipo-checo-perez-pierde-partido-la-pista-a-la-cancha-2-1024x576.jpg\" alt=\"Equipo de Checo P\u00e9rez pierde partido &#8216;De la pista a la cancha&#8217; 1\" srcset=\"http:\/\/desarrollo.grupomedios.com\/futbol\/wp-content\/uploads\/2017\/10\/equipo-checo-perez-pierde-partido-la-pista-a-la-cancha-2-1024x576.jpg 1024w, http:\/\/desarrollo.grupomedios.com\/futbol\/wp-content\/uploads\/2017\/10\/equipo-checo-perez-pierde-partido-la-pista-a-la-cancha-2-300x169.jpg 300w, http:\/\/desarrollo.grupomedios.com\/futbol\/wp-content\/uploads\/2017\/10\/equipo-checo-perez-pierde-partido-la-pista-a-la-cancha-2-768x432.jpg 768w, http:\/\/desarrollo.grupomedios.com\/futbol\/wp-content\/uploads\/2017\/10\/equipo-checo-perez-pierde-partido-la-pista-a-la-cancha-2-393x221.jpg 393w, http:\/\/desarrollo.grupomedios.com\/futbol\/wp-content\/uploads\/2017\/10\/equipo-checo-perez-pierde-partido-la-pista-a-la-cancha-2.jpg 1136w\" sizes=\"(max-width: 1024px) 100vw, 1024px\" \/><\/p>\n<p>Al medio tiempo de este partido, mascotas de la Liga MX jugaron otro entretenido partido, el cual fue ganado por la tercia conformada por el Tigre, el Xolo Mayor y Goyo.<\/p>\n<p>&nbsp;<\/p>\n<blockquote class=\"twitter-video\" data-lang=\"es\">\n<p dir=\"ltr\" lang=\"es\">Al medio tiempo, las botargas entraron al campo <a href=\"https:\/\/twitter.com\/hashtag\/AM%C3%A1ximaVelocidad?src=hash&amp;ref_src=twsrc%5Etfw\">#AM\u00e1ximaVelocidad<\/a> para jugar una cascarita en \u201cDe La Pista A La Cancha\u201d. <a href=\"https:\/\/t.co\/rmhXkvjLhu\">pic.twitter.com\/rmhXkvjLhu<\/a><\/p>\n<p>\u2014 Infinitum (@infinitum) <a href=\"https:\/\/twitter.com\/infinitum\/status\/923237070558162949?ref_src=twsrc%5Etfw\">25 de octubre de 2017<\/a><\/p><\/blockquote>\n<p><script async src=\"\/\/platform.twitter.com\/widgets.js\" charset=\"utf-8\"><\/script><\/p>\n","protected":false},"excerpt":{"rendered":"<p>Iniciaron las actividades previas al Gran Premio de M\u00e9xico de la F\u00f3rmula 1.<\/p>\n","protected":false},"author":154,"featured_media":506496,"comment_status":"closed","ping_status":"closed","sticky":false,"template":"","format":"standard","meta":[],"categories":[5810,5419,5418,6411],"tags":[8582,5480,10861,5493,7809,6302,10863,82,1366,2140,10862],"_links":{"self":[{"href":"http:\/\/desarrollo.grupomedios.com\/futbol\/wp-json\/wp\/v2\/posts\/506488"}],"collection":[{"href":"http:\/\/desarrollo.grupomedios.com\/futbol\/wp-json\/wp\/v2\/posts"}],"about":[{"href":"http:\/\/desarrollo.grupomedios.com\/futbol\/wp-json\/wp\/v2\/types\/post"}],"author":[{"embeddable":true,"href":"http:\/\/desarrollo.grupomedios.com\/futbol\/wp-json\/wp\/v2\/users\/154"}],"replies":[{"embeddable":true,"href":"http:\/\/desarrollo.grupomedios.com\/futbol\/wp-json\/wp\/v2\/comments?post=506488"}],"version-history":[{"count":2,"href":"http:\/\/desarrollo.grupomedios.com\/futbol\/wp-json\/wp\/v2\/posts\/506488\/revisions"}],"predecessor-version":[{"id":506505,"href":"http:\/\/desarrollo.grupomedios.com\/futbol\/wp-json\/wp\/v2\/posts\/506488\/revisions\/506505"}],"wp:featuredmedia":[{"embeddable":true,"href":"http:\/\/desarrollo.grupomedios.com\/futbol\/wp-json\/wp\/v2\/media\/506496"}],"wp:attachment":[{"href":"http:\/\/desarrollo.grupomedios.com\/futbol\/wp-json\/wp\/v2\/media?parent=506488"}],"wp:term":[{"taxonomy":"category","embeddable":true,"href":"http:\/\/desarrollo.grupomedios.com\/futbol\/wp-json\/wp\/v2\/categories?post=506488"},{"taxonomy":"post_tag","embeddable":true,"href":"http:\/\/desarrollo.grupomedios.com\/futbol\/wp-json\/wp\/v2\/tags?post=506488"}],"curies":[{"name":"wp","href":"https:\/\/api.w.org\/{rel}","templated":true}]}}