{"id":506504,"date":"2017-10-25T14:11:17","date_gmt":"2017-10-25T19:11:17","guid":{"rendered":"https:\/\/www.futboltotal.com.mx\/?p=506504"},"modified":"2017-10-25T14:11:17","modified_gmt":"2017-10-25T19:11:17","slug":"lazio-sale-a-calentar-rostro-ana-frank-en-camisetas","status":"publish","type":"post","link":"http:\/\/desarrollo.grupomedios.com\/futbol\/futbol-internacional\/lazio-sale-a-calentar-rostro-ana-frank-en-camisetas\/2017\/10","title":{"rendered":"Lazio sale a calentar con rostro de Ana Frank en camisetas"},"content":{"rendered":"<div id=\"texto\" class=\"texto_txt\">\n<div class=\"DETALLE_N_texto \">\n<p><strong>POR: EFE<\/strong><\/p>\n<p><span id=\"ctl14_lblMostra\">Los futbolistas del <strong>Lazio<\/strong> calentaron antes del partido liguero contra el <strong>Bolonia<\/strong> con unas camisetas con la fotograf\u00eda de la joven jud\u00eda <strong>Ana Frank<\/strong>, cuya imagen fue usada el domingo por algunos ultras del club como insulto antisemita.<\/span><\/p>\n<p>El conjunto romano salt\u00f3 al c\u00e9sped del <strong>estadio Renato Dall&#8217;Ara<\/strong> de Bolonia con unas camisetas blancas en las que estaba impreso el retrato de Ana Frank y la frase &#8220;No al antisemitismo&#8221;.<\/p>\n<p style=\"text-align: center;\"><a href=\"https:\/\/www.futboltotal.com.mx\/cambio-de-juego\/cosmin-lambru-debuta-futbol-rumania-pese-perder-mano\/2017\/10\" target=\"_blank\" rel=\"noopener\"><span style=\"color: #333399;\">VER M\u00c1S: Cosmin Lambru debuta en futbol de Rumania pese a perder una mano<\/span><\/a><\/p>\n<h4>LAZIO APOST\u00d3 POR ESTA INICIATIVA<\/h4>\n<p>El Lazio tom\u00f3 esta iniciativa para condenar el gesto de algunos de sus hinchas que, en el \u00faltimo duelo de la liga italiana, contra el <strong>Cagliari<\/strong>, dejaron en el <strong>Estadio Ol\u00edmpico<\/strong> unas pegatinas en las que se representaba a Ana Frank vistiendo la camiseta del <strong>Roma<\/strong>.<\/p>\n<p>Esas pegatinas, junto a otros escritos racistas y antisemitas, fueron pegadas en los ba\u00f1os y en las cristaleras del fondo sur del coliseo romano para ofender a los rivales de la ciudad.<\/p>\n<div id=\"attachment_506508\" style=\"width: 1034px\" class=\"wp-caption aligncenter\"><img aria-describedby=\"caption-attachment-506508\" decoding=\"async\" loading=\"lazy\" class=\"size-large wp-image-506508\" src=\"https:\/\/www.futboltotal.com.mx\/wp-content\/uploads\/2017\/10\/lazio-sale-a-calentar-rostro-ana-frank-en-camisetas-2-1024x576.jpg\" alt=\"Im\u00e1genes de Ana Frank con la camiseta de la Roma pegadas por la afici\u00f3n de la Lazio.\" srcset=\"http:\/\/desarrollo.grupomedios.com\/futbol\/wp-content\/uploads\/2017\/10\/lazio-sale-a-calentar-rostro-ana-frank-en-camisetas-2-1024x576.jpg 1024w, http:\/\/desarrollo.grupomedios.com\/futbol\/wp-content\/uploads\/2017\/10\/lazio-sale-a-calentar-rostro-ana-frank-en-camisetas-2-300x169.jpg 300w, http:\/\/desarrollo.grupomedios.com\/futbol\/wp-content\/uploads\/2017\/10\/lazio-sale-a-calentar-rostro-ana-frank-en-camisetas-2-768x432.jpg 768w, http:\/\/desarrollo.grupomedios.com\/futbol\/wp-content\/uploads\/2017\/10\/lazio-sale-a-calentar-rostro-ana-frank-en-camisetas-2-393x221.jpg 393w, http:\/\/desarrollo.grupomedios.com\/futbol\/wp-content\/uploads\/2017\/10\/lazio-sale-a-calentar-rostro-ana-frank-en-camisetas-2.jpg 1136w\" sizes=\"(max-width: 1024px) 100vw, 1024px\" \/><p id=\"caption-attachment-506508\" class=\"wp-caption-text\">Im\u00e1genes de Ana Frank con la camiseta de la Roma pegadas por la afici\u00f3n de la Lazio.<\/p><\/div>\n<p>Las plantillas del Lazio y del Bolonia, como todos los dem\u00e1s equipos de la <strong>Federaci\u00f3n de F\u00fatbol italiana<\/strong> (FIGC), har\u00e1n un minuto de silencio antes del comienzo del encuentro y participar\u00e1n en la lectura de unos extractos del c\u00e9lebre Diario de Ana Frank.<\/p>\n<h4>ANA FRANK, ESTANDARTE CONTRA ANTISEMITAS<\/h4>\n<p>La joven escribi\u00f3 el Diario, entre junio de 1942 y agosto de 1944, mientras permanec\u00eda escondida de los nazis junto a su familia en una casa de Amsterdam, hasta ser descubierta y deportada al campo de concentraci\u00f3n de Bergen-Belsen, donde muri\u00f3 de tifus en 1945.<\/p>\n<p>En los \u00faltimos d\u00edas, el mundo del deporte y de la pol\u00edtica italiana conden\u00f3 el gesto de los ultras del Lazio y el presidente de la Rep\u00fablica, Sergio Mattarella, lo defini\u00f3 como algo &#8220;inhumano y alarmante&#8221;.<\/p>\n<p>Esta ma\u00f1ana, la Polic\u00eda italiana identific\u00f3 a 16 responsables de dichos insultos antisemitas y confirm\u00f3 a Efe que al menos dos de ellos son menores de edad, de entre los 13 y los 16 a\u00f1os.<\/p>\n<\/div>\n<\/div>\n","protected":false},"excerpt":{"rendered":"<p>El club respondi\u00f3 as\u00ed a los ultras del equipo y sus insultos antisemitas.<\/p>\n","protected":false},"author":154,"featured_media":506507,"comment_status":"closed","ping_status":"closed","sticky":false,"template":"","format":"standard","meta":[],"categories":[3839,3848],"tags":[10864,10865,2614,1903,1068,320],"_links":{"self":[{"href":"http:\/\/desarrollo.grupomedios.com\/futbol\/wp-json\/wp\/v2\/posts\/506504"}],"collection":[{"href":"http:\/\/desarrollo.grupomedios.com\/futbol\/wp-json\/wp\/v2\/posts"}],"about":[{"href":"http:\/\/desarrollo.grupomedios.com\/futbol\/wp-json\/wp\/v2\/types\/post"}],"author":[{"embeddable":true,"href":"http:\/\/desarrollo.grupomedios.com\/futbol\/wp-json\/wp\/v2\/users\/154"}],"replies":[{"embeddable":true,"href":"http:\/\/desarrollo.grupomedios.com\/futbol\/wp-json\/wp\/v2\/comments?post=506504"}],"version-history":[{"count":1,"href":"http:\/\/desarrollo.grupomedios.com\/futbol\/wp-json\/wp\/v2\/posts\/506504\/revisions"}],"predecessor-version":[{"id":506512,"href":"http:\/\/desarrollo.grupomedios.com\/futbol\/wp-json\/wp\/v2\/posts\/506504\/revisions\/506512"}],"wp:featuredmedia":[{"embeddable":true,"href":"http:\/\/desarrollo.grupomedios.com\/futbol\/wp-json\/wp\/v2\/media\/506507"}],"wp:attachment":[{"href":"http:\/\/desarrollo.grupomedios.com\/futbol\/wp-json\/wp\/v2\/media?parent=506504"}],"wp:term":[{"taxonomy":"category","embeddable":true,"href":"http:\/\/desarrollo.grupomedios.com\/futbol\/wp-json\/wp\/v2\/categories?post=506504"},{"taxonomy":"post_tag","embeddable":true,"href":"http:\/\/desarrollo.grupomedios.com\/futbol\/wp-json\/wp\/v2\/tags?post=506504"}],"curies":[{"name":"wp","href":"https:\/\/api.w.org\/{rel}","templated":true}]}}