{"id":506510,"date":"2017-10-25T14:19:25","date_gmt":"2017-10-25T19:19:25","guid":{"rendered":"https:\/\/www.futboltotal.com.mx\/?p=506510"},"modified":"2017-10-25T14:19:25","modified_gmt":"2017-10-25T19:19:25","slug":"a-20-anos-del-ultimo-partido-oficial-diego-maradona","status":"publish","type":"post","link":"http:\/\/desarrollo.grupomedios.com\/futbol\/futbol-internacional\/a-20-anos-del-ultimo-partido-oficial-diego-maradona\/2017\/10","title":{"rendered":"A 20 a\u00f1os del \u00faltimo partido oficial de Diego Maradona"},"content":{"rendered":"<p>El <strong>25 de octubre<\/strong> de hace 20 a\u00f1os <strong>Diego Maradona<\/strong> jug\u00f3 su \u00faltimo partido oficial, un cl\u00e1sico <strong>River Plate-Boca Juniors<\/strong> que el Diez se encarg\u00f3 de encender con gestos obscenos a los hinchas del equipo local y frases ir\u00f3nicas al enconado rival.<\/p>\n<p>El Boca Juniors de Maradona venci\u00f3 ese d\u00eda de 1997 por 1-2 al River Plate en el <strong>estadio Monumental<\/strong> de Buenos Aires.<\/p>\n<p>Maradona jug\u00f3 los primeros 45 minutos, sufri\u00f3 una molestia muscular y el entrenador <strong>H\u00e9ctor &#8216;Bambino&#8217; Veira<\/strong>, lo reemplaz\u00f3 en el descanso por Juan Rom\u00e1n Riquelme.<\/p>\n<p style=\"text-align: center;\"><span style=\"color: #3366ff;\"><a href=\"https:\/\/www.futboltotal.com.mx\/futbol-internacional\/liga-de-italia\/lazio-sale-a-calentar-rostro-ana-frank-en-camisetas\/2017\/10\">VER M\u00c1S: Lazio sale a calentar con rostro de Ana Frank en camisetas<\/a><\/span><\/p>\n<p>Boca Juniors se impuso con goles de <strong>Julio Toresani<\/strong> y <strong>Mart\u00edn Palermo<\/strong>, tras revertir la desventaja inicial por el tanto d<strong>e Sergio Berti.\u00a0<\/strong>Consumado el triunfo, <strong>el Pelusa<\/strong>\u00a0ingres\u00f3 al campo y dedic\u00f3 gestos obscenos a la hinchada local.<\/p>\n<p>&#8220;Boca jug\u00f3 a lo Boca y River jug\u00f3 a lo River. Ellos hicieron un gran primer tiempo pero en el segundo se les cay\u00f3 la bombacha (bragas)&#8221;, arremeti\u00f3 luego en rueda de prensa.<\/p>\n<p><iframe loading=\"lazy\" src=\"https:\/\/www.youtube.com\/embed\/kCYSYBc0vKA?feature=oembed\" frameborder=\"0\" gesture=\"media\" allowfullscreen><\/iframe><\/p>\n<p>El 30 de octubre, el d\u00eda de su cumplea\u00f1os n\u00famero 37, el capit\u00e1n de la <strong>selecci\u00f3n Albiceleste<\/strong> anunci\u00f3 su retirada en medio de rumores sobre la muerte de su padre y de que dar\u00eda positivo en un control antidopaje, versiones que resultaron falsas.<\/p>\n<p>&#8220;Con todo el dolor del alma ha llegado el momento de anunciar mi retiro. Se termin\u00f3 el jugador de f\u00fatbol. Nadie est\u00e1 m\u00e1s triste que yo. Mi pap\u00e1 se fue llorando de mi casa y yo le promet\u00ed que cuando pasara una cosa as\u00ed, largaba todo&#8221;, dijo Maradona a la prensa.<\/p>\n<p>La<strong> Asociaci\u00f3n del F\u00fatbol Argentino (AFA)<\/strong> lo homenaje\u00f3 hoy en su sitio web con una nota titulada: &#8220;La \u00faltima funci\u00f3n del &#8216;Diez'&#8221;.<\/p>\n<div id=\"attachment_506511\" style=\"width: 638px\" class=\"wp-caption aligncenter\"><img aria-describedby=\"caption-attachment-506511\" decoding=\"async\" loading=\"lazy\" class=\"size-full wp-image-506511\" src=\"https:\/\/www.futboltotal.com.mx\/wp-content\/uploads\/2017\/10\/Screen-Shot-2017-10-25-at-2.08.01-PM.png\" alt=\"A 20 a\u00f1os del \u00faltimo partido oficial de Diego Maradona 0\" srcset=\"http:\/\/desarrollo.grupomedios.com\/futbol\/wp-content\/uploads\/2017\/10\/Screen-Shot-2017-10-25-at-2.08.01-PM.png 628w, http:\/\/desarrollo.grupomedios.com\/futbol\/wp-content\/uploads\/2017\/10\/Screen-Shot-2017-10-25-at-2.08.01-PM-300x251.png 300w\" sizes=\"(max-width: 628px) 100vw, 628px\" \/><p id=\"caption-attachment-506511\" class=\"wp-caption-text\">La p\u00e1gina oficial de la AFA homenaje\u00f3 a Diego Armando Maradona, quien disput\u00f3 su \u00faltimo partido oficial hace 20 a\u00f1os.<\/p><\/div>\n<p>&#8220;726 partidos jugados, 11 t\u00edtulos ganados y 373 goles convertidos. Incontables gambetas (regates) y un inconfundible estilo de juego que marc\u00f3 una \u00e9poca en el f\u00fatbol. Con su zurda y el n\u00famero diez en su espalda gui\u00f3 a la Argentina hacia la gloria m\u00e1xima al ganar el<strong> Mundial de M\u00e9xico 1986<\/strong>&#8220;, dice el texto.<\/p>\n<p>&#8220;Luego de 21 a\u00f1os y cinco d\u00edas de su debut, le puso fin a su brillante carrera profesional. Atr\u00e1s quedaron las gambetas de pibe en el potrero, los goles a Inglaterra en 1986 y los t\u00edtulos con el Napoli. Lejos en el tiempo, pero siempre presente en el recuerdo de todos los hinchas del f\u00fatbol&#8221;, a\u00f1ade la publicaci\u00f3n. EFE<\/p>\n","protected":false},"excerpt":{"rendered":"<p>El Pelusa se retir\u00f3 luego de un Boca vs River.<\/p>\n","protected":false},"author":129,"featured_media":506515,"comment_status":"closed","ping_status":"closed","sticky":false,"template":"","format":"standard","meta":[],"categories":[3839],"tags":[1683,690,6214,164],"_links":{"self":[{"href":"http:\/\/desarrollo.grupomedios.com\/futbol\/wp-json\/wp\/v2\/posts\/506510"}],"collection":[{"href":"http:\/\/desarrollo.grupomedios.com\/futbol\/wp-json\/wp\/v2\/posts"}],"about":[{"href":"http:\/\/desarrollo.grupomedios.com\/futbol\/wp-json\/wp\/v2\/types\/post"}],"author":[{"embeddable":true,"href":"http:\/\/desarrollo.grupomedios.com\/futbol\/wp-json\/wp\/v2\/users\/129"}],"replies":[{"embeddable":true,"href":"http:\/\/desarrollo.grupomedios.com\/futbol\/wp-json\/wp\/v2\/comments?post=506510"}],"version-history":[{"count":1,"href":"http:\/\/desarrollo.grupomedios.com\/futbol\/wp-json\/wp\/v2\/posts\/506510\/revisions"}],"predecessor-version":[{"id":506516,"href":"http:\/\/desarrollo.grupomedios.com\/futbol\/wp-json\/wp\/v2\/posts\/506510\/revisions\/506516"}],"wp:featuredmedia":[{"embeddable":true,"href":"http:\/\/desarrollo.grupomedios.com\/futbol\/wp-json\/wp\/v2\/media\/506515"}],"wp:attachment":[{"href":"http:\/\/desarrollo.grupomedios.com\/futbol\/wp-json\/wp\/v2\/media?parent=506510"}],"wp:term":[{"taxonomy":"category","embeddable":true,"href":"http:\/\/desarrollo.grupomedios.com\/futbol\/wp-json\/wp\/v2\/categories?post=506510"},{"taxonomy":"post_tag","embeddable":true,"href":"http:\/\/desarrollo.grupomedios.com\/futbol\/wp-json\/wp\/v2\/tags?post=506510"}],"curies":[{"name":"wp","href":"https:\/\/api.w.org\/{rel}","templated":true}]}}