{"id":506519,"date":"2017-10-25T15:11:08","date_gmt":"2017-10-25T20:11:08","guid":{"rendered":"https:\/\/www.futboltotal.com.mx\/?p=506519"},"modified":"2017-10-25T15:11:08","modified_gmt":"2017-10-25T20:11:08","slug":"en-brasil-piden-a-andre-pierre-gignac-en-flamengo","status":"publish","type":"post","link":"http:\/\/desarrollo.grupomedios.com\/futbol\/futbol-mexicano\/en-brasil-piden-a-andre-pierre-gignac-en-flamengo\/2017\/10","title":{"rendered":"En Brasil piden a Andr\u00e9-Pierre Gignac en el Flamengo"},"content":{"rendered":"<p>El delantero de los <strong>Tigres UANL<\/strong>,\u00a0<strong>Andr\u00e9-Pierre Gignac,\u00a0<\/strong>despierta el inter\u00e9s de muchos equipos, y ahora los aficionados del club brasile\u00f1o, <strong>Flamengo<\/strong>, est\u00e1n fuertemente interesados en que el jugador franc\u00e9s se incorpore a su equipo, dej\u00e1ndole mensajes y suplicando para que llegue al conjunto carioca.<\/p>\n<p>Todo se desencaden\u00f3 luego que el futbolista realizara una publicaci\u00f3n en Instagram\u00a0con sus compa\u00f1eros en el\u00a0<strong>Estadio Universitario,\u00a0<\/strong>como parte del promo navide\u00f1o que est\u00e1n preparando los felinos, sin embargo, esto se conjunt\u00f3 con el hecho que<strong> Gignac<\/strong> comenz\u00f3 a seguir la cuenta oficial del <strong>Flamengo<\/strong> y los aficionados del club aprovecharon el post para lanzarse con mensajes para que llegue a su club.<\/p>\n<p style=\"text-align: center;\"><a href=\"https:\/\/www.futboltotal.com.mx\/futbol-internacional\/liga-de-espana\/atletico-madrid-le-robaria-este-futbolista-al-real-madrid\/2017\/10\">VER M\u00c1S: Atl\u00e9tico de Madrid le \u2018robar\u00eda\u2019 este futbolista al Real Madrid<\/a><\/p>\n<p>A pesar de la ilusi\u00f3n que despierta el ariete en tierras brasile\u00f1as, no parece que pueda realizarse su sue\u00f1o, pues el atacante ha dejado en claro que desea retirarse con Tigres y la directiva lo tiene enganchado para no dejarlo marcharse.<\/p>\n<p>&nbsp;<\/p>\n<div id=\"attachment_506523\" style=\"width: 510px\" class=\"wp-caption aligncenter\"><img aria-describedby=\"caption-attachment-506523\" decoding=\"async\" loading=\"lazy\" class=\"wp-image-506523 size-full\" src=\"https:\/\/www.futboltotal.com.mx\/wp-content\/uploads\/2017\/10\/flamengo-1.jpg\" alt=\"El franc\u00e9s es un delantero cotizado\" srcset=\"http:\/\/desarrollo.grupomedios.com\/futbol\/wp-content\/uploads\/2017\/10\/flamengo-1.jpg 500w, http:\/\/desarrollo.grupomedios.com\/futbol\/wp-content\/uploads\/2017\/10\/flamengo-1-269x300.jpg 269w\" sizes=\"(max-width: 500px) 100vw, 500px\" \/><p id=\"caption-attachment-506523\" class=\"wp-caption-text\">En Brasil quieren a Andr\u00e9-Pierre Gignac en el Flamengo<\/p><\/div>\n<div id=\"attachment_506524\" style=\"width: 510px\" class=\"wp-caption aligncenter\"><img aria-describedby=\"caption-attachment-506524\" decoding=\"async\" loading=\"lazy\" class=\"wp-image-506524 size-full\" src=\"https:\/\/www.futboltotal.com.mx\/wp-content\/uploads\/2017\/10\/flamengo-3.jpg\" alt=\"El delantero franc\u00e9s es deseado en Brasil \" srcset=\"http:\/\/desarrollo.grupomedios.com\/futbol\/wp-content\/uploads\/2017\/10\/flamengo-3.jpg 500w, http:\/\/desarrollo.grupomedios.com\/futbol\/wp-content\/uploads\/2017\/10\/flamengo-3-300x169.jpg 300w, http:\/\/desarrollo.grupomedios.com\/futbol\/wp-content\/uploads\/2017\/10\/flamengo-3-393x221.jpg 393w\" sizes=\"(max-width: 500px) 100vw, 500px\" \/><p id=\"caption-attachment-506524\" class=\"wp-caption-text\">Los comentarios de Flamengo para Gignac<\/p><\/div>\n<div id=\"attachment_506525\" style=\"width: 510px\" class=\"wp-caption aligncenter\"><img aria-describedby=\"caption-attachment-506525\" decoding=\"async\" loading=\"lazy\" class=\"wp-image-506525 size-full\" src=\"https:\/\/www.futboltotal.com.mx\/wp-content\/uploads\/2017\/10\/flamengo.jpg\" alt=\"El franc\u00e9s es deseado en Brasil\" srcset=\"http:\/\/desarrollo.grupomedios.com\/futbol\/wp-content\/uploads\/2017\/10\/flamengo.jpg 500w, http:\/\/desarrollo.grupomedios.com\/futbol\/wp-content\/uploads\/2017\/10\/flamengo-300x169.jpg 300w, http:\/\/desarrollo.grupomedios.com\/futbol\/wp-content\/uploads\/2017\/10\/flamengo-393x221.jpg 393w\" sizes=\"(max-width: 500px) 100vw, 500px\" \/><p id=\"caption-attachment-506525\" class=\"wp-caption-text\">Los comentarios de aficionados del Flamengo para Gignac<\/p><\/div>\n<p style=\"text-align: center;\"><a href=\"https:\/\/www.futboltotal.com.mx\/futbol-internacional\/liga-de-francia-futbol-internacional\/neymar-sus-privilegios-rompen-vestidor-del-psg\/2017\/10\">VER M\u00c1S: Neymar y sus privilegios rompen el vestidor del PSG<\/a><\/p>\n<p>&nbsp;<\/p>\n","protected":false},"excerpt":{"rendered":"<p>El atacante levanta pasiones en otros pa\u00edses<\/p>\n","protected":false},"author":159,"featured_media":506527,"comment_status":"closed","ping_status":"closed","sticky":false,"template":"","format":"standard","meta":[],"categories":[2198,3845],"tags":[5564,6009,755,64,5973],"_links":{"self":[{"href":"http:\/\/desarrollo.grupomedios.com\/futbol\/wp-json\/wp\/v2\/posts\/506519"}],"collection":[{"href":"http:\/\/desarrollo.grupomedios.com\/futbol\/wp-json\/wp\/v2\/posts"}],"about":[{"href":"http:\/\/desarrollo.grupomedios.com\/futbol\/wp-json\/wp\/v2\/types\/post"}],"author":[{"embeddable":true,"href":"http:\/\/desarrollo.grupomedios.com\/futbol\/wp-json\/wp\/v2\/users\/159"}],"replies":[{"embeddable":true,"href":"http:\/\/desarrollo.grupomedios.com\/futbol\/wp-json\/wp\/v2\/comments?post=506519"}],"version-history":[{"count":1,"href":"http:\/\/desarrollo.grupomedios.com\/futbol\/wp-json\/wp\/v2\/posts\/506519\/revisions"}],"predecessor-version":[{"id":506528,"href":"http:\/\/desarrollo.grupomedios.com\/futbol\/wp-json\/wp\/v2\/posts\/506519\/revisions\/506528"}],"wp:featuredmedia":[{"embeddable":true,"href":"http:\/\/desarrollo.grupomedios.com\/futbol\/wp-json\/wp\/v2\/media\/506527"}],"wp:attachment":[{"href":"http:\/\/desarrollo.grupomedios.com\/futbol\/wp-json\/wp\/v2\/media?parent=506519"}],"wp:term":[{"taxonomy":"category","embeddable":true,"href":"http:\/\/desarrollo.grupomedios.com\/futbol\/wp-json\/wp\/v2\/categories?post=506519"},{"taxonomy":"post_tag","embeddable":true,"href":"http:\/\/desarrollo.grupomedios.com\/futbol\/wp-json\/wp\/v2\/tags?post=506519"}],"curies":[{"name":"wp","href":"https:\/\/api.w.org\/{rel}","templated":true}]}}