{"id":506530,"date":"2017-10-25T12:55:15","date_gmt":"2017-10-25T17:55:15","guid":{"rendered":"https:\/\/www.futboltotal.com.mx\/?p=506530"},"modified":"2017-10-25T22:00:04","modified_gmt":"2017-10-26T03:00:04","slug":"pachuca-vs-zacatepec-copa-mx-2017-en-vivo-minuto-a-minuto","status":"publish","type":"post","link":"http:\/\/desarrollo.grupomedios.com\/futbol\/futbol-mexicano\/pachuca-vs-zacatepec-copa-mx-2017-en-vivo-minuto-a-minuto\/2017\/10","title":{"rendered":"Pachuca vs Zacatepec | Copa MX 2017 | EN VIVO: Minuto a minuto"},"content":{"rendered":"<div>\n<div>\n<div>Los <strong>Tuzos del Pachuca<\/strong> enfrentan en octavos de final a los <strong>Ca\u00f1eros del Zacatepec<\/strong> en el duelo que inicia la actividad de mi\u00e9rcoles en la Copa MX.<\/div>\n<\/div>\n<\/div>\n<div>\n<div><\/div>\n<div><iframe src=\"https:\/\/en-vivo.futboltotal.com.mx\/embed.php\/?id=376\" width=\"100%\" id=\"frame_minuto\"><\/iframe><\/div>\n<div><\/div>\n<div>Pachuca llega como favorito a este duelo en su casa contra un equipo del Ascenso MX como son los Ca\u00f1eros, pero incre\u00edblemente esta escuadra dej\u00f3 fuera en la fase de grupos a los Tigres, por lo que no ser\u00e1 un rival f\u00e1cil.<\/div>\n<\/div>\n<p><strong>\u00a1NO TE PIERDAS EL MINUTO A MINUTO DE LOS TUZOS DEL PACHUCA CONTRA EL CLUB ATL\u00c9TICO ZACATEPEC EN LOS OCTAVOS DE FINAL DE LA COPA MX EN PUNTO DE LAS 19:06 HORAS!<\/strong><\/p>\n","protected":false},"excerpt":{"rendered":"<p>Los Tuzos reciben la visita de los Ca\u00f1eros en el estadio Hidalgo<\/p>\n","protected":false},"author":160,"featured_media":506531,"comment_status":"closed","ping_status":"closed","sticky":false,"template":"","format":"standard","meta":[],"categories":[4247,2198],"tags":[8357,285,5968,1588],"_links":{"self":[{"href":"http:\/\/desarrollo.grupomedios.com\/futbol\/wp-json\/wp\/v2\/posts\/506530"}],"collection":[{"href":"http:\/\/desarrollo.grupomedios.com\/futbol\/wp-json\/wp\/v2\/posts"}],"about":[{"href":"http:\/\/desarrollo.grupomedios.com\/futbol\/wp-json\/wp\/v2\/types\/post"}],"author":[{"embeddable":true,"href":"http:\/\/desarrollo.grupomedios.com\/futbol\/wp-json\/wp\/v2\/users\/160"}],"replies":[{"embeddable":true,"href":"http:\/\/desarrollo.grupomedios.com\/futbol\/wp-json\/wp\/v2\/comments?post=506530"}],"version-history":[{"count":2,"href":"http:\/\/desarrollo.grupomedios.com\/futbol\/wp-json\/wp\/v2\/posts\/506530\/revisions"}],"predecessor-version":[{"id":506539,"href":"http:\/\/desarrollo.grupomedios.com\/futbol\/wp-json\/wp\/v2\/posts\/506530\/revisions\/506539"}],"wp:featuredmedia":[{"embeddable":true,"href":"http:\/\/desarrollo.grupomedios.com\/futbol\/wp-json\/wp\/v2\/media\/506531"}],"wp:attachment":[{"href":"http:\/\/desarrollo.grupomedios.com\/futbol\/wp-json\/wp\/v2\/media?parent=506530"}],"wp:term":[{"taxonomy":"category","embeddable":true,"href":"http:\/\/desarrollo.grupomedios.com\/futbol\/wp-json\/wp\/v2\/categories?post=506530"},{"taxonomy":"post_tag","embeddable":true,"href":"http:\/\/desarrollo.grupomedios.com\/futbol\/wp-json\/wp\/v2\/tags?post=506530"}],"curies":[{"name":"wp","href":"https:\/\/api.w.org\/{rel}","templated":true}]}}