{"id":506592,"date":"2017-10-25T21:08:36","date_gmt":"2017-10-26T02:08:36","guid":{"rendered":"https:\/\/www.futboltotal.com.mx\/?p=506592"},"modified":"2017-10-25T21:08:36","modified_gmt":"2017-10-26T02:08:36","slug":"pachuca-5-zacatepec-0-copa-mx-octavos-final-apertura-2017","status":"publish","type":"post","link":"http:\/\/desarrollo.grupomedios.com\/futbol\/destacado-home\/pachuca-5-zacatepec-0-copa-mx-octavos-final-apertura-2017\/2017\/10","title":{"rendered":"Pachuca le da un baile a Zacatepec y avanza a la siguiente fase"},"content":{"rendered":"<p><strong>POR: STAFF MX<\/strong><\/p>\n<p><strong>Pachuca<\/strong> golea 5-0 a <strong>Zacatepec<\/strong> y avanza en la Copa MX, ahora los Tuzos se enfrentar\u00e1n a los Xolos de Tijuana en los Cuartos de final.<\/p>\n<p style=\"text-align: center;\"><span style=\"color: #0000ff;\">VER M\u00c1S:\u00a0<a href=\"https:\/\/www.futboltotal.com.mx\/futbol-internacional\/fan-devuelve-playera-a-jugador-tras-eliminacion-la-copa\/2017\/10\" target=\"_blank\" rel=\"noopener\">Fan devuelve playera a jugador tras eliminaci\u00f3n de la Copa<\/a><\/span><\/p>\n<p>En el primer tiempo el equipo de Pachuca lleg\u00f3 en innumerables ocasiones al \u00e1rea de Zacatepec, incluso V\u00edctor Guzm\u00e1n fall\u00f3 dos veces de cara al marco. Los goles en la primera mitad fueron obra de Erick Guti\u00e9rrez al 16&#8242; y del doblete de Keisuke Honda a los minutos 35 y 43.<\/p>\n<blockquote class=\"twitter-video\" data-lang=\"es\">\n<p dir=\"ltr\" lang=\"et\"><a href=\"https:\/\/twitter.com\/hashtag\/NoTeLoPierdas?src=hash&amp;ref_src=twsrc%5Etfw\">#NoTeLoPierdas<\/a><br \/>\n2do G\u26bd\u26bd\u26bdL de Keisuke Honda<a href=\"https:\/\/twitter.com\/Tuzos?ref_src=twsrc%5Etfw\">@Tuzos<\/a> 3-0 <a href=\"https:\/\/twitter.com\/CA_Zacatepec?ref_src=twsrc%5Etfw\">@CA_Zacatepec<\/a> <a href=\"https:\/\/twitter.com\/hashtag\/8vosDeFinal?src=hash&amp;ref_src=twsrc%5Etfw\">#8vosDeFinal<\/a> <a href=\"https:\/\/twitter.com\/hashtag\/CopaCoronaMX?src=hash&amp;ref_src=twsrc%5Etfw\">#CopaCoronaMX<\/a> &#x1f3c6;<br \/>\n\u26bd <a href=\"https:\/\/twitter.com\/hashtag\/SienteTuLiga?src=hash&amp;ref_src=twsrc%5Etfw\">#SienteTuLiga<\/a> \u26bd <a href=\"https:\/\/twitter.com\/hashtag\/Mi%C3%A9rcolesDeFut?src=hash&amp;ref_src=twsrc%5Etfw\">#Mi\u00e9rcolesDeFut<\/a> <a href=\"https:\/\/t.co\/hhSNyaFuRj\">pic.twitter.com\/hhSNyaFuRj<\/a><\/p>\n<p>\u2014 #CopaCoronaMX (@CopaCoronaMx) <a href=\"https:\/\/twitter.com\/CopaCoronaMx\/status\/923352325846118401?ref_src=twsrc%5Etfw\">26 de octubre de 2017<\/a><\/p><\/blockquote>\n<p><script async src=\"https:\/\/platform.twitter.com\/widgets.js\" charset=\"utf-8\"><\/script><\/p>\n<p>Para la segunda mitad Pachuca sali\u00f3 todav\u00eda m\u00e1s fino, y al 54&#8242; \u00c1ngelo Sagal met\u00eda el cuarto gol y al 59 Germ\u00e1n Cano meti\u00f3 el 5-0. La \u00fanica mala noticia de Pachuca fue la expulsi\u00f3n del &#8216;Many&#8217; Garc\u00eda quien vio la roja al minuto 85 del partido.<\/p>\n<p style=\"text-align: center;\"><span style=\"color: #0000ff;\">VER M\u00c1S:\u00a0<a href=\"https:\/\/www.futboltotal.com.mx\/futbol-internacional\/fifagate-manda-a-primer-involucrado-a-prision\/2017\/10\" target=\"_blank\" rel=\"noopener\">FIFAGATE manda a su primer involucrado a prisi\u00f3n<\/a><\/span><\/p>\n","protected":false},"excerpt":{"rendered":"<p>Pachuca con todo su arsenal, elimina muy f\u00e1cilmente a los &#8216;Ca\u00f1eros&#8217; de Zacatepec. <\/p>\n","protected":false},"author":155,"featured_media":506594,"comment_status":"closed","ping_status":"closed","sticky":false,"template":"","format":"standard","meta":[],"categories":[4247,5,2198],"tags":[8357,285,5968,1588],"_links":{"self":[{"href":"http:\/\/desarrollo.grupomedios.com\/futbol\/wp-json\/wp\/v2\/posts\/506592"}],"collection":[{"href":"http:\/\/desarrollo.grupomedios.com\/futbol\/wp-json\/wp\/v2\/posts"}],"about":[{"href":"http:\/\/desarrollo.grupomedios.com\/futbol\/wp-json\/wp\/v2\/types\/post"}],"author":[{"embeddable":true,"href":"http:\/\/desarrollo.grupomedios.com\/futbol\/wp-json\/wp\/v2\/users\/155"}],"replies":[{"embeddable":true,"href":"http:\/\/desarrollo.grupomedios.com\/futbol\/wp-json\/wp\/v2\/comments?post=506592"}],"version-history":[{"count":1,"href":"http:\/\/desarrollo.grupomedios.com\/futbol\/wp-json\/wp\/v2\/posts\/506592\/revisions"}],"predecessor-version":[{"id":506596,"href":"http:\/\/desarrollo.grupomedios.com\/futbol\/wp-json\/wp\/v2\/posts\/506592\/revisions\/506596"}],"wp:featuredmedia":[{"embeddable":true,"href":"http:\/\/desarrollo.grupomedios.com\/futbol\/wp-json\/wp\/v2\/media\/506594"}],"wp:attachment":[{"href":"http:\/\/desarrollo.grupomedios.com\/futbol\/wp-json\/wp\/v2\/media?parent=506592"}],"wp:term":[{"taxonomy":"category","embeddable":true,"href":"http:\/\/desarrollo.grupomedios.com\/futbol\/wp-json\/wp\/v2\/categories?post=506592"},{"taxonomy":"post_tag","embeddable":true,"href":"http:\/\/desarrollo.grupomedios.com\/futbol\/wp-json\/wp\/v2\/tags?post=506592"}],"curies":[{"name":"wp","href":"https:\/\/api.w.org\/{rel}","templated":true}]}}