{"id":506615,"date":"2017-10-26T09:12:53","date_gmt":"2017-10-26T14:12:53","guid":{"rendered":"https:\/\/www.futboltotal.com.mx\/?p=506615"},"modified":"2017-10-26T09:12:53","modified_gmt":"2017-10-26T14:12:53","slug":"america-renovara-a-oribe-peralta-evitar-partida-a-la-mls","status":"publish","type":"post","link":"http:\/\/desarrollo.grupomedios.com\/futbol\/destacado-home\/america-renovara-a-oribe-peralta-evitar-partida-a-la-mls\/2017\/10","title":{"rendered":"Am\u00e9rica renovar\u00e1 a Oribe Peralta para evitar partida a la MLS"},"content":{"rendered":"<p><strong>POR: STAFF FT<\/strong><\/p>\n<p>El <strong>Am\u00e9rica<\/strong> desea mantener a su capit\u00e1n <strong>Oribe Peralta<\/strong> en el plantel y evitar que el goleador estudie ofertas de otros clubes que desean ficharlo, particularmente de la <strong>MLS<\/strong>.<\/p>\n<p>De acuerdo a reportes del diario R\u00e9cord, la liga estadounidense quiere hacerse de los servicios del &#8216;<strong>Cepillo<\/strong>&#8216;, quien termina su contrato con las <strong>\u00c1guilas<\/strong> en junio de 2018 y que en enero de 2018 cumplir\u00e1 34 a\u00f1os, por lo que un \u00faltimo contrato millonario podr\u00eda ser su prioridad.<\/p>\n<p style=\"text-align: center;\"><a href=\"https:\/\/www.futboltotal.com.mx\/futbol-mexicano\/copa-mx\/america-1-cruz-azul-0-copa-mx-octavos-final-resumen\/2017\/10\" target=\"_blank\" rel=\"noopener\"><span style=\"color: #333399;\">VER M\u00c1S: Am\u00e9rica elimina al Cruz Azul de la Copa MX<\/span><\/a><\/p>\n<p>Sin embargo, la c\u00fapula americanista ya planea renovar a Oribe en busca de mantener a uno de sus actuales referentes por varios a\u00f1os m\u00e1s, incluso pensando en que se retire como azulcrema.<\/p>\n<h4>LA DIRECTIVA CONF\u00cdA EN SU CONTINUIDAD<\/h4>\n<p>&#8220;Falta tiempo y obviamente (Oribe) es una persona ya madura, tranquila en ese aspecto, no le corre prisa. Obviamente, queremos que se quede en la instituci\u00f3n, es una pieza muy importante. Hoy lo veo mejor que nunca f\u00edsicamente, es el l\u00edder del equipo, ya est\u00e1 identificado con la instituci\u00f3n, con la afici\u00f3n, y est\u00e1 dando muchos resultados dentro de la cancha Entonces queremos que siga un buen tiempo m\u00e1s en la instituci\u00f3n. Esperemos que lo podamos renovar y que se retire siendo americanista&#8221;, declar\u00f3 para TDN <strong>Santiago Ba\u00f1os<\/strong>, presidente deportivo de las \u00c1guilas.<\/p>\n<p>Aunque al interior del equipo no hablan de clubes concretos que quieran fichar a Peralta, saben que el delantero es objeto del deseo para varios equipos, aunque aseguran que es feliz en <strong>Coapa<\/strong>.<\/p>\n<p>&#8220;\u00c9l est\u00e1 muy contento en la instituci\u00f3n, eso es una ventaja, porque hace m\u00e1s f\u00e1cil la negociaci\u00f3n y si las dos partes vamos por el mismo camino y vamos por las mismas cosas, facilita la negociaci\u00f3n&#8221;, agreg\u00f3.<\/p>\n","protected":false},"excerpt":{"rendered":"<p>\u00bfSe imaginan al &#8216;Cepillo&#8217; dejando a las \u00c1guilas? En Coapa no lo ven as\u00ed.<\/p>\n","protected":false},"author":154,"featured_media":506616,"comment_status":"closed","ping_status":"closed","sticky":false,"template":"","format":"standard","meta":[],"categories":[5,2198,3845],"tags":[5959,3883,195,62],"_links":{"self":[{"href":"http:\/\/desarrollo.grupomedios.com\/futbol\/wp-json\/wp\/v2\/posts\/506615"}],"collection":[{"href":"http:\/\/desarrollo.grupomedios.com\/futbol\/wp-json\/wp\/v2\/posts"}],"about":[{"href":"http:\/\/desarrollo.grupomedios.com\/futbol\/wp-json\/wp\/v2\/types\/post"}],"author":[{"embeddable":true,"href":"http:\/\/desarrollo.grupomedios.com\/futbol\/wp-json\/wp\/v2\/users\/154"}],"replies":[{"embeddable":true,"href":"http:\/\/desarrollo.grupomedios.com\/futbol\/wp-json\/wp\/v2\/comments?post=506615"}],"version-history":[{"count":1,"href":"http:\/\/desarrollo.grupomedios.com\/futbol\/wp-json\/wp\/v2\/posts\/506615\/revisions"}],"predecessor-version":[{"id":506619,"href":"http:\/\/desarrollo.grupomedios.com\/futbol\/wp-json\/wp\/v2\/posts\/506615\/revisions\/506619"}],"wp:featuredmedia":[{"embeddable":true,"href":"http:\/\/desarrollo.grupomedios.com\/futbol\/wp-json\/wp\/v2\/media\/506616"}],"wp:attachment":[{"href":"http:\/\/desarrollo.grupomedios.com\/futbol\/wp-json\/wp\/v2\/media?parent=506615"}],"wp:term":[{"taxonomy":"category","embeddable":true,"href":"http:\/\/desarrollo.grupomedios.com\/futbol\/wp-json\/wp\/v2\/categories?post=506615"},{"taxonomy":"post_tag","embeddable":true,"href":"http:\/\/desarrollo.grupomedios.com\/futbol\/wp-json\/wp\/v2\/tags?post=506615"}],"curies":[{"name":"wp","href":"https:\/\/api.w.org\/{rel}","templated":true}]}}