{"id":506617,"date":"2017-10-26T10:22:18","date_gmt":"2017-10-26T15:22:18","guid":{"rendered":"https:\/\/www.futboltotal.com.mx\/?p=506617"},"modified":"2017-10-26T10:23:34","modified_gmt":"2017-10-26T15:23:34","slug":"el-andar-chivas-del-titulo-hacia-abismo-en-apertura-2017","status":"publish","type":"post","link":"http:\/\/desarrollo.grupomedios.com\/futbol\/destacado-home\/el-andar-chivas-del-titulo-hacia-abismo-en-apertura-2017\/2017\/10","title":{"rendered":"El andar de Chivas del t\u00edtulo hacia el abismo en el Apertura 2017"},"content":{"rendered":"<p><strong>Chivas de Guadalajara<\/strong> ha tenido un semestre complicado en el <strong>Apertura 2017<\/strong>, los resultados no han sido positivos y han terminado por no lograr refrendar el campeonato obtenido en el <strong>Clausura 2017<\/strong>, pero \u00bfqu\u00e9 sucedi\u00f3 en ese andar del <strong>Reba\u00f1o<\/strong> hacia el abismo?<\/p>\n<p>Los<strong> Rojiblancos<\/strong> vivieron una aut\u00e9ntica metamorfosis este torneo con respecto al pasado, hay muchos factores que pueden explicar lo sucedido con el equipo en esta etapa, ya como campe\u00f3n defensor de la liga; el plantel, lesionados y calendario han pesado, pero de lo que no cabe duda es que han vivido un aut\u00e9ntico calvario.<\/p>\n<p style=\"text-align: center;\"><a href=\"https:\/\/www.futboltotal.com.mx\/futbol-mexicano\/copa-mx\/asi-quedaron-los-cuartos-final-la-copa-mx\/2017\/10\">VER M\u00c1S: As\u00ed quedaron los cuartos de final de la Copa MX<\/a><\/p>\n<p>A pesar que la <strong>Copa MX<\/strong> ha resultado un escaparate que podr\u00edan tomar, pero no puede borrar el complicado presente que tiene en la <strong>Liga MX<\/strong>, donde se esperaba que el juego del equipo se mantuviera al mismo nivel.<\/p>\n<div id=\"attachment_506624\" style=\"width: 868px\" class=\"wp-caption aligncenter\"><img aria-describedby=\"caption-attachment-506624\" decoding=\"async\" loading=\"lazy\" class=\"wp-image-506624 size-full\" src=\"https:\/\/www.futboltotal.com.mx\/wp-content\/uploads\/2017\/10\/chivas-apertura-2017.jpg\" alt=\"El Reba\u00f1o ha sufrido en el actual certamen\" srcset=\"http:\/\/desarrollo.grupomedios.com\/futbol\/wp-content\/uploads\/2017\/10\/chivas-apertura-2017.jpg 858w, http:\/\/desarrollo.grupomedios.com\/futbol\/wp-content\/uploads\/2017\/10\/chivas-apertura-2017-256x300.jpg 256w, http:\/\/desarrollo.grupomedios.com\/futbol\/wp-content\/uploads\/2017\/10\/chivas-apertura-2017-768x900.jpg 768w\" sizes=\"(max-width: 858px) 100vw, 858px\" \/><p id=\"caption-attachment-506624\" class=\"wp-caption-text\">Chivas vivi\u00f3 un Clausura y Apertura 2017 muy distintos entre s\u00ed<\/p><\/div>\n<p>&nbsp;<\/p>\n","protected":false},"excerpt":{"rendered":"<p>El Reba\u00f1o ha vivido un aut\u00e9ntico calvario este semestre <\/p>\n","protected":false},"author":159,"featured_media":506622,"comment_status":"closed","ping_status":"closed","sticky":false,"template":"","format":"standard","meta":[],"categories":[5,2198,3845],"tags":[8357,70,7732,5963,64],"_links":{"self":[{"href":"http:\/\/desarrollo.grupomedios.com\/futbol\/wp-json\/wp\/v2\/posts\/506617"}],"collection":[{"href":"http:\/\/desarrollo.grupomedios.com\/futbol\/wp-json\/wp\/v2\/posts"}],"about":[{"href":"http:\/\/desarrollo.grupomedios.com\/futbol\/wp-json\/wp\/v2\/types\/post"}],"author":[{"embeddable":true,"href":"http:\/\/desarrollo.grupomedios.com\/futbol\/wp-json\/wp\/v2\/users\/159"}],"replies":[{"embeddable":true,"href":"http:\/\/desarrollo.grupomedios.com\/futbol\/wp-json\/wp\/v2\/comments?post=506617"}],"version-history":[{"count":1,"href":"http:\/\/desarrollo.grupomedios.com\/futbol\/wp-json\/wp\/v2\/posts\/506617\/revisions"}],"predecessor-version":[{"id":506626,"href":"http:\/\/desarrollo.grupomedios.com\/futbol\/wp-json\/wp\/v2\/posts\/506617\/revisions\/506626"}],"wp:featuredmedia":[{"embeddable":true,"href":"http:\/\/desarrollo.grupomedios.com\/futbol\/wp-json\/wp\/v2\/media\/506622"}],"wp:attachment":[{"href":"http:\/\/desarrollo.grupomedios.com\/futbol\/wp-json\/wp\/v2\/media?parent=506617"}],"wp:term":[{"taxonomy":"category","embeddable":true,"href":"http:\/\/desarrollo.grupomedios.com\/futbol\/wp-json\/wp\/v2\/categories?post=506617"},{"taxonomy":"post_tag","embeddable":true,"href":"http:\/\/desarrollo.grupomedios.com\/futbol\/wp-json\/wp\/v2\/tags?post=506617"}],"curies":[{"name":"wp","href":"https:\/\/api.w.org\/{rel}","templated":true}]}}