{"id":506618,"date":"2017-10-26T09:20:04","date_gmt":"2017-10-26T14:20:04","guid":{"rendered":"https:\/\/www.futboltotal.com.mx\/?p=506618"},"modified":"2017-10-26T09:38:50","modified_gmt":"2017-10-26T14:38:50","slug":"iker-casillas-niega-sus-salida-del-porto-explota","status":"publish","type":"post","link":"http:\/\/desarrollo.grupomedios.com\/futbol\/futbol-internacional\/iker-casillas-niega-sus-salida-del-porto-explota\/2017\/10","title":{"rendered":"Iker Casillas niega su salida del Porto y explota"},"content":{"rendered":"<p>El portero del P<strong>orto<\/strong>, <strong>Iker Casillas<\/strong>, sali\u00f3 al paso, en su cuenta de Twitter, de los rumores que circulan en los \u00faltimos d\u00edas sobre su suplencia en los \u00faltimos partidos de <strong>Liga<\/strong> y <strong>Champions<\/strong>.<\/p>\n<p>En respuesta a la publicaci\u00f3n de un medio portugu\u00e9s que aseguraba que &#8220;el Porto quiere vender a Iker Casillas para respetar el &#8216;fair play&#8217; financiero&#8221;, el guardameta contest\u00f3: &#8220;Jopetas!! Os lo dicen a vosotros y a m\u00ed no me dicen nada?? Con quien habl\u00e1is del @FCPorto??&#8221;.<\/p>\n<p>Con el comentario &#8220;F 7&#8230;.agua!!!&#8221;, Casillas tambi\u00e9n quiso desmentir la informaci\u00f3n de algunos diarios en el sentido de que su suplencia obedec\u00eda a las &#8220;debilitadas finanzas del Oporto&#8221;, por lo que tendr\u00eda que desprenderse del madrile\u00f1o en el mercado de invierno.<\/p>\n<p style=\"text-align: center;\"><span style=\"color: #3366ff;\"><a href=\"https:\/\/www.futboltotal.com.mx\/futbol-mexicano\/copa-mx\/asi-quedaron-los-cuartos-final-la-copa-mx\/2017\/10\">VER M\u00c1S: As\u00ed quedaron los cuartos de final de la Copa MX<\/a><\/span><\/p>\n<blockquote class=\"twitter-tweet\" data-width=\"500\">\n<p lang=\"es\" dir=\"ltr\">F 7&#8230;.agua!!! <a href=\"https:\/\/t.co\/3Y9ivJL5pY\">https:\/\/t.co\/3Y9ivJL5pY<\/a><\/p>\n<p>&mdash; Iker Casillas (@IkerCasillas) <a href=\"https:\/\/twitter.com\/IkerCasillas\/status\/923200743783501824?ref_src=twsrc%5Etfw\">October 25, 2017<\/a><\/p><\/blockquote>\n<p><script async src=\"https:\/\/platform.twitter.com\/widgets.js\" charset=\"utf-8\"><\/script><\/p>\n<p>Con el mismo argot y el comentario &#8220;4,76,98,6,35,74,65&#8230; l\u00ednea!!!! Comprobamos&#8230;la l\u00ednea NO es correcta!!&#8221;, Casillas quiso desmentir asimismo la versi\u00f3n de que suplencia respondi\u00f3 al uso del tel\u00e9fono m\u00f3vil durante los entrenamientos.<\/p>\n<blockquote class=\"twitter-tweet\" data-width=\"500\">\n<p lang=\"es\" dir=\"ltr\">Esto es co\u00f1a,verdad?? Es un fake,no?? No lo digo a mal&#8230; <a href=\"https:\/\/t.co\/SJ45884sm0\">https:\/\/t.co\/SJ45884sm0<\/a><\/p>\n<p>&mdash; Iker Casillas (@IkerCasillas) <a href=\"https:\/\/twitter.com\/IkerCasillas\/status\/923260973779210240?ref_src=twsrc%5Etfw\">October 25, 2017<\/a><\/p><\/blockquote>\n<p><script async src=\"https:\/\/platform.twitter.com\/widgets.js\" charset=\"utf-8\"><\/script><\/p>\n<p>El jugador, que afronta este a\u00f1o su tercera temporada en el Porto, mostr\u00f3 su descontento con lo publicado estos d\u00edas y asegur\u00f3 en su cuenta de Twitter que &#8220;Eso de contrastar y corroborar ya mejor para el a\u00f1o que viene&#8230;&#8221;.<\/p>\n<p>La serie de comentarios la quiso zanjar recordando que hace 25 d\u00edas, con \u00e9l de titular, el Porto lideraba la Liga (tras ocho jornadas) y el grupo de Liga de Campeones. &#8220;En ese momento no quer\u00edais que os contara nada&#8221;, a\u00f1adi\u00f3.<\/p>\n<p style=\"text-align: center;\"><span style=\"color: #3366ff;\"><a href=\"https:\/\/www.futboltotal.com.mx\/futbol-internacional\/liga-de-inglaterra\/fan-devuelve-playera-a-jugador-tras-eliminacion-la-copa\/2017\/10\">VER M\u00c1S: Fan devuelve playera a jugador tras eliminaci\u00f3n de la Copa<\/a><\/span><\/p>\n<p>https:\/\/twitter.com\/IkerCasillas\/status\/923239595499753472<\/p>\n<p>En los \u00faltimos tres partidos, Casillas ha sido suplente tanto en Champions, como en Liga y Copa, algo que el entrenador del Porto, <strong>S\u00e9rgio Concei\u00e7\u00e3o<\/strong>, enmarc\u00f3 en una &#8220;decisi\u00f3n t\u00e9cnica&#8221;.<\/p>\n<p>Hasta su suplencia la pasada semana, Casillas era el portero menos goleado de la <strong>Liga de Portugal<\/strong> y en Europa s\u00f3lo hab\u00eda encajado, en los mismos partidos, un gol m\u00e1s que el menos goleado, <strong>David de Gea<\/strong> (<strong>Manchester United<\/strong>). EFE<\/p>\n<blockquote class=\"twitter-tweet\" data-width=\"500\">\n<p lang=\"es\" dir=\"ltr\">No, no es mi intenci\u00f3n estallar. No se os puede contestar o que? Si contesto es que estallo y si no contesto pues eso&#8230;seguimos para BINGO! <a href=\"https:\/\/t.co\/lKa4sqOu4T\">https:\/\/t.co\/lKa4sqOu4T<\/a><\/p>\n<p>&mdash; Iker Casillas (@IkerCasillas) <a href=\"https:\/\/twitter.com\/IkerCasillas\/status\/923234677657358336?ref_src=twsrc%5Etfw\">October 25, 2017<\/a><\/p><\/blockquote>\n<p><script async src=\"https:\/\/platform.twitter.com\/widgets.js\" charset=\"utf-8\"><\/script><\/p>\n","protected":false},"excerpt":{"rendered":"<p>El portero aclar\u00f3 los rumores a trav\u00e9s de su cuenta de Twitter.<\/p>\n","protected":false},"author":129,"featured_media":506621,"comment_status":"closed","ping_status":"closed","sticky":false,"template":"","format":"standard","meta":[],"categories":[3839,7709],"tags":[36,6214,6019,3804,1208,10571],"_links":{"self":[{"href":"http:\/\/desarrollo.grupomedios.com\/futbol\/wp-json\/wp\/v2\/posts\/506618"}],"collection":[{"href":"http:\/\/desarrollo.grupomedios.com\/futbol\/wp-json\/wp\/v2\/posts"}],"about":[{"href":"http:\/\/desarrollo.grupomedios.com\/futbol\/wp-json\/wp\/v2\/types\/post"}],"author":[{"embeddable":true,"href":"http:\/\/desarrollo.grupomedios.com\/futbol\/wp-json\/wp\/v2\/users\/129"}],"replies":[{"embeddable":true,"href":"http:\/\/desarrollo.grupomedios.com\/futbol\/wp-json\/wp\/v2\/comments?post=506618"}],"version-history":[{"count":2,"href":"http:\/\/desarrollo.grupomedios.com\/futbol\/wp-json\/wp\/v2\/posts\/506618\/revisions"}],"predecessor-version":[{"id":506628,"href":"http:\/\/desarrollo.grupomedios.com\/futbol\/wp-json\/wp\/v2\/posts\/506618\/revisions\/506628"}],"wp:featuredmedia":[{"embeddable":true,"href":"http:\/\/desarrollo.grupomedios.com\/futbol\/wp-json\/wp\/v2\/media\/506621"}],"wp:attachment":[{"href":"http:\/\/desarrollo.grupomedios.com\/futbol\/wp-json\/wp\/v2\/media?parent=506618"}],"wp:term":[{"taxonomy":"category","embeddable":true,"href":"http:\/\/desarrollo.grupomedios.com\/futbol\/wp-json\/wp\/v2\/categories?post=506618"},{"taxonomy":"post_tag","embeddable":true,"href":"http:\/\/desarrollo.grupomedios.com\/futbol\/wp-json\/wp\/v2\/tags?post=506618"}],"curies":[{"name":"wp","href":"https:\/\/api.w.org\/{rel}","templated":true}]}}