{"id":506625,"date":"2017-10-26T10:03:58","date_gmt":"2017-10-26T15:03:58","guid":{"rendered":"https:\/\/www.futboltotal.com.mx\/?p=506625"},"modified":"2017-10-26T10:03:58","modified_gmt":"2017-10-26T15:03:58","slug":"marcelo-diaz-acusado-machista-en-chile","status":"publish","type":"post","link":"http:\/\/desarrollo.grupomedios.com\/futbol\/futbol-internacional\/marcelo-diaz-acusado-machista-en-chile\/2017\/10","title":{"rendered":"Marcelo D\u00edaz es acusado de machista en Chile"},"content":{"rendered":"<p>El chileno <strong>Marcelo D\u00edaz<\/strong> no vive su mejor momento, pues adem\u00e1s del mal accionar que est\u00e1n teniendo los <strong>Pumas<\/strong> y luego de no ser convocado en el fracaso de la <strong>Selecci\u00f3n de Chile <\/strong>al quedar fuera del <strong>Mundial<\/strong>\u00a0, el jugador ha sido acusado de machista en su pa\u00eds.<\/p>\n<p>El mediocampista de <strong>La Roja<\/strong> fue cuestionado sobre una posible salida del representativo nacional y \u00e9ste respondi\u00f3 que no, pero las palabras que dijo no fueron las m\u00e1s acertadas y fue tundido por los aficionados.<\/p>\n<p style=\"text-align: center;\"><span style=\"color: #3366ff;\"><a href=\"https:\/\/www.futboltotal.com.mx\/futbol-mexicano\/liga-mx\/america-renovara-a-oribe-peralta-evitar-partida-a-la-mls\/2017\/10\">VER M\u00c1S: Am\u00e9rica renovar\u00e1 a Oribe Peralta para evitar partida a la MLS<\/a><\/span><\/p>\n<p>Estas fueron las palabras de <strong>Marcelo D\u00edaz<\/strong>.<\/p>\n<p>&#8220;No soy as\u00ed, no soy tan d\u00e9bil, no soy tan \u2018ni\u00f1ita\u2019 como decimos en Chile para dejar de luchar por algo que tanto quiero&#8221;, dijo el jugador universitario, quien recibi\u00f3 reclamos por varias personas, que a trav\u00e9s de redes sociales, aseguraron que ten\u00eda falta de sensibilidad y daba entender que la mujer es el sexo d\u00e9bil.<\/p>\n<blockquote class=\"twitter-tweet\" data-width=\"500\">\n<p lang=\"es\" dir=\"ltr\">Marcelo D\u00edaz no solo la caga en cancha&#8230; Al parecer su mierda ahora le sale por la boca&#8230; Que tristeza de ser humano<\/p>\n<p>&mdash; Leftraru-Pesadilla35 (@Sebastian_ANC) <a href=\"https:\/\/twitter.com\/Sebastian_ANC\/status\/923312422143905794?ref_src=twsrc%5Etfw\">October 25, 2017<\/a><\/p><\/blockquote>\n<p><script async src=\"https:\/\/platform.twitter.com\/widgets.js\" charset=\"utf-8\"><\/script><\/p>\n<blockquote class=\"twitter-tweet\" data-width=\"500\">\n<p lang=\"es\" dir=\"ltr\">Triste, desafortunada e hiriente declaraci\u00f3n Marcelo D\u00edaz, como si ser ni\u00f1a fuera sin\u00f3nimo de cobard\u00eda. C\u00f3mo sentir\u00e1 la ni\u00f1a que lo admira?<\/p>\n<p>&mdash; Iona Rothfeld (@ionaRothfeld) <a href=\"https:\/\/twitter.com\/ionaRothfeld\/status\/923227381623611392?ref_src=twsrc%5Etfw\">October 25, 2017<\/a><\/p><\/blockquote>\n<p><script async src=\"https:\/\/platform.twitter.com\/widgets.js\" charset=\"utf-8\"><\/script><\/p>\n<blockquote class=\"twitter-tweet\" data-width=\"500\">\n<p lang=\"es\" dir=\"ltr\">Que alguien le diga a Marcelo D\u00edaz q unas &quot;ni\u00f1itas&quot; chilenas golearon a Argentina. <br \/>Ese machismo cultural en q lo femenino es peyorativo.<\/p>\n<p>&mdash; Alejandro Basulto (@Ale_Basulto) <a href=\"https:\/\/twitter.com\/Ale_Basulto\/status\/923288509292654592?ref_src=twsrc%5Etfw\">October 25, 2017<\/a><\/p><\/blockquote>\n<p><script async src=\"https:\/\/platform.twitter.com\/widgets.js\" charset=\"utf-8\"><\/script><\/p>\n<p>https:\/\/twitter.com\/mjvivar\/status\/922999514704875520<\/p>\n<p>Sin embargo, a los poco minutos, D\u00edaz aclar\u00f3 la situaci\u00f3n a trav\u00e9s de su cuenta oficial de Twitter y tambi\u00e9n ofreci\u00f3 disculpas para las personas que se sintieron ofendidas.<\/p>\n<blockquote class=\"twitter-tweet\" data-width=\"500\">\n<p lang=\"es\" dir=\"ltr\">Aclaraci\u00f3n!!! <a href=\"https:\/\/t.co\/zfpgaGbBck\">pic.twitter.com\/zfpgaGbBck<\/a><\/p>\n<p>&mdash; Marcelo Diaz (@CHELODIAZ_21) <a href=\"https:\/\/twitter.com\/CHELODIAZ_21\/status\/923255932590551040?ref_src=twsrc%5Etfw\">October 25, 2017<\/a><\/p><\/blockquote>\n<p><script async src=\"https:\/\/platform.twitter.com\/widgets.js\" charset=\"utf-8\"><\/script><\/p>\n","protected":false},"excerpt":{"rendered":"<p>El chileno fue tundido en las redes sociales por sus palabras.<\/p>\n","protected":false},"author":129,"featured_media":506632,"comment_status":"closed","ping_status":"closed","sticky":false,"template":"","format":"standard","meta":[],"categories":[3839],"tags":[406,9271,74,1669,5976],"_links":{"self":[{"href":"http:\/\/desarrollo.grupomedios.com\/futbol\/wp-json\/wp\/v2\/posts\/506625"}],"collection":[{"href":"http:\/\/desarrollo.grupomedios.com\/futbol\/wp-json\/wp\/v2\/posts"}],"about":[{"href":"http:\/\/desarrollo.grupomedios.com\/futbol\/wp-json\/wp\/v2\/types\/post"}],"author":[{"embeddable":true,"href":"http:\/\/desarrollo.grupomedios.com\/futbol\/wp-json\/wp\/v2\/users\/129"}],"replies":[{"embeddable":true,"href":"http:\/\/desarrollo.grupomedios.com\/futbol\/wp-json\/wp\/v2\/comments?post=506625"}],"version-history":[{"count":1,"href":"http:\/\/desarrollo.grupomedios.com\/futbol\/wp-json\/wp\/v2\/posts\/506625\/revisions"}],"predecessor-version":[{"id":506634,"href":"http:\/\/desarrollo.grupomedios.com\/futbol\/wp-json\/wp\/v2\/posts\/506625\/revisions\/506634"}],"wp:featuredmedia":[{"embeddable":true,"href":"http:\/\/desarrollo.grupomedios.com\/futbol\/wp-json\/wp\/v2\/media\/506632"}],"wp:attachment":[{"href":"http:\/\/desarrollo.grupomedios.com\/futbol\/wp-json\/wp\/v2\/media?parent=506625"}],"wp:term":[{"taxonomy":"category","embeddable":true,"href":"http:\/\/desarrollo.grupomedios.com\/futbol\/wp-json\/wp\/v2\/categories?post=506625"},{"taxonomy":"post_tag","embeddable":true,"href":"http:\/\/desarrollo.grupomedios.com\/futbol\/wp-json\/wp\/v2\/tags?post=506625"}],"curies":[{"name":"wp","href":"https:\/\/api.w.org\/{rel}","templated":true}]}}