{"id":506627,"date":"2017-10-26T10:20:33","date_gmt":"2017-10-26T15:20:33","guid":{"rendered":"https:\/\/www.futboltotal.com.mx\/?p=506627"},"modified":"2017-10-26T10:21:19","modified_gmt":"2017-10-26T15:21:19","slug":"pedro-gallese-llegaria-a-la-premier-league-en-enero","status":"publish","type":"post","link":"http:\/\/desarrollo.grupomedios.com\/futbol\/futbol-mexicano\/pedro-gallese-llegaria-a-la-premier-league-en-enero\/2017\/10","title":{"rendered":"Pedro Gallese llegar\u00eda a la Premier League en enero"},"content":{"rendered":"<p><strong>POR: STAFF FT<\/strong><\/p>\n<p>El guardameta de los <strong>Tiburones Rojos de Veracruz<\/strong>, <strong>Pedro Gallese<\/strong> buscar\u00e1 salir al futbol de Inglaterra en la <strong>Premier League<\/strong> para el pr\u00f3ximo periodo de transferencias, pues ya ha puesto a trabajar a su representante,\u00a0<strong>Christian Lagrott<\/strong>a, que est\u00e1 haciendo los movimientos pertinentes para cumplir el sue\u00f1o del futbolista, quien estar\u00eda pensando en llegar en plena forma al <strong>Mundial de Rusia 2018<\/strong>.<\/p>\n<p>\u201cEl sue\u00f1o de <strong>Pedro<\/strong> es poder tapar en la Premier League. Se trabaja para ver si se cumple ese sue\u00f1o. Yo tengo como meta hacerlo crecer, tratar de ofrecerlo lo m\u00e1s posible para que se pueda hacer realidad\u201d, asegur\u00f3 en entrevista para\u00a0<em>Radio Ovaci\u00f3n<\/em>. Aunque no se ha mencionado nombres de los clubes a los que podr\u00eda arribar el guardameta peruano.<\/p>\n<p style=\"text-align: center;\"><a href=\"https:\/\/www.futboltotal.com.mx\/liga-escocesa\/pedro-caixinha-destituido-como-dt-rangers\/2017\/10\">VER M\u00c1S: Pedro Caixinha es destituido como DT de Rangers<\/a><\/p>\n<p>El portero lleg\u00f3 a M\u00e9xico luego de una fuerte disputa entre los <strong>Tiburones Rojos de Veracruz<\/strong> y <strong>Tigres<\/strong>, sin embargo, los jarochos ganaron la &#8216;batalla&#8217; por lo que ellos tendr\u00e1n las negociaciones. \u201cYa se empez\u00f3 a trabajar fuerte, tanto nosotros como <strong>Veracruz est\u00e1 interesado tambi\u00e9n<\/strong> en una posible venta de <strong>Gallese<\/strong> por el nivel mostrado. Espero que se pueda concretar algo\u201d, finaliz\u00f3.<\/p>\n<p>Gallese hab\u00eda sufrido una fractura en los dedos de la mano derecha durante la Jornada 6 del <strong>Apertura 2017<\/strong>, el diagn\u00f3stico que le hab\u00edan dado ere de tres meses para regresar al arco, sin embargo logr\u00f3 atajar en el duelo eliminatorio de <strong>Conmebol<\/strong> en el que Per\u00fa visit\u00f3 a <strong>Argentina<\/strong> el pasado 4 de octubre.<\/p>\n<p style=\"text-align: center;\"><a href=\"https:\/\/www.futboltotal.com.mx\/futbol-mexicano\/liga-mx\/el-andar-chivas-del-titulo-hacia-abismo-en-apertura-2017\/2017\/10\">VER M\u00c1S: El andar de Chivas del t\u00edtulo hacia el abismo en el Apertura 2017<\/a><\/p>\n<p>&nbsp;<\/p>\n","protected":false},"excerpt":{"rendered":"<p>El guardameta peruano desea salir al futbol de Europa<\/p>\n","protected":false},"author":159,"featured_media":506645,"comment_status":"closed","ping_status":"closed","sticky":false,"template":"","format":"standard","meta":[],"categories":[2198,3845],"tags":[64,7204,722,334,6049],"_links":{"self":[{"href":"http:\/\/desarrollo.grupomedios.com\/futbol\/wp-json\/wp\/v2\/posts\/506627"}],"collection":[{"href":"http:\/\/desarrollo.grupomedios.com\/futbol\/wp-json\/wp\/v2\/posts"}],"about":[{"href":"http:\/\/desarrollo.grupomedios.com\/futbol\/wp-json\/wp\/v2\/types\/post"}],"author":[{"embeddable":true,"href":"http:\/\/desarrollo.grupomedios.com\/futbol\/wp-json\/wp\/v2\/users\/159"}],"replies":[{"embeddable":true,"href":"http:\/\/desarrollo.grupomedios.com\/futbol\/wp-json\/wp\/v2\/comments?post=506627"}],"version-history":[{"count":2,"href":"http:\/\/desarrollo.grupomedios.com\/futbol\/wp-json\/wp\/v2\/posts\/506627\/revisions"}],"predecessor-version":[{"id":506647,"href":"http:\/\/desarrollo.grupomedios.com\/futbol\/wp-json\/wp\/v2\/posts\/506627\/revisions\/506647"}],"wp:featuredmedia":[{"embeddable":true,"href":"http:\/\/desarrollo.grupomedios.com\/futbol\/wp-json\/wp\/v2\/media\/506645"}],"wp:attachment":[{"href":"http:\/\/desarrollo.grupomedios.com\/futbol\/wp-json\/wp\/v2\/media?parent=506627"}],"wp:term":[{"taxonomy":"category","embeddable":true,"href":"http:\/\/desarrollo.grupomedios.com\/futbol\/wp-json\/wp\/v2\/categories?post=506627"},{"taxonomy":"post_tag","embeddable":true,"href":"http:\/\/desarrollo.grupomedios.com\/futbol\/wp-json\/wp\/v2\/tags?post=506627"}],"curies":[{"name":"wp","href":"https:\/\/api.w.org\/{rel}","templated":true}]}}