{"id":506668,"date":"2017-10-26T12:49:13","date_gmt":"2017-10-26T17:49:13","guid":{"rendered":"https:\/\/www.futboltotal.com.mx\/?p=506668"},"modified":"2017-10-26T12:49:47","modified_gmt":"2017-10-26T17:49:47","slug":"definen-horarios-de-cuartos-de-final-de-la-copa-mx","status":"publish","type":"post","link":"http:\/\/desarrollo.grupomedios.com\/futbol\/futbol-mexicano\/definen-horarios-de-cuartos-de-final-de-la-copa-mx\/2017\/10","title":{"rendered":"Definen horarios de Cuartos de Final de la Copa MX"},"content":{"rendered":"<p>Tras la finalizaci\u00f3n de los <strong>Octavos de Final<\/strong> de la <strong>Copa MX<\/strong>, la Liga MX ha definido las fechas y horarios para que se dispute la fase siguiente del torneo copero correspondiente al Apertura 2017.<\/p>\n<p>Los horarios de Cuartos de Final de la Copa MX quedaron programados para los pr\u00f3ximos d\u00edas 31 de octubre y 1 de noviembre, donde el partido entre <strong>Chivas y Atlante<\/strong> arrancar\u00e1 la segunda fase de cuando jueguen a las 19:06 hrs.<\/p>\n<p style=\"text-align: center;\"><span style=\"color: #3366ff;\"><a href=\"https:\/\/www.futboltotal.com.mx\/futbol-internacional\/liga-de-espana\/cristiano-ronaldo-ya-tiene-sustituto-de-gareth-bale\/2017\/10\">VER M\u00c1S: Cristiano Ronaldo ya tiene al sustituto de Gareth Bale<\/a><\/span><\/p>\n<p>Ese mismo d\u00eda, el<strong> Pachuca<\/strong> le har\u00e1 los honores a los <strong>Xolos de Tijuana<\/strong> cuando jueguen en la cancha del estadio Hidalgo a las 21:06 hrs para cerrar con la primera llave .<\/p>\n<p>Al d\u00eda siguiente, uno de los llamados &#8220;Cl\u00e1sico norte\u00f1o&#8221; se jugar\u00e1 en Torre\u00f3n cuando <strong>Santos Laguna<\/strong> se enfrente a los <a href=\"https:\/\/twitter.com\/CopaCoronaMx\/status\/923584996450996225\">Rayados de Monterrey<\/a> en el TSM a las 19:00 hrs.<\/p>\n<p>Quienes cerrar\u00e1n los duelos de Cuartos de Final ser\u00e1n<strong> Am\u00e9rica y Quer\u00e9taro<\/strong>, que se enfrentar\u00e1n en el estadio Azteca a las 21:00 hrs.<\/p>\n<p style=\"text-align: left;\"><a href=\"https:\/\/www.futboltotal.com.mx\/copa-mundial-2018\/balon-oficial-del-mundial-rusia-2018-filtrado\">VER M\u00c1S: El bal\u00f3n oficial del Mundial Rusia 2018 es filtrado<\/a><\/p>\n<blockquote class=\"twitter-tweet\" data-data-dnt=\"true\">\n<p lang=\"es\" dir=\"ltr\">\u00c9chale un vistazo a c\u00f3mo se jugar\u00e1n los duelos de <a href=\"https:\/\/twitter.com\/hashtag\/4tosDeFinal?src=hash&amp;ref_src=twsrc%5Etfw\">#4tosDeFinal<\/a> de la <a href=\"https:\/\/twitter.com\/hashtag\/CopaCoronaMX?src=hash&amp;ref_src=twsrc%5Etfw\">#CopaCoronaMX<\/a> \ud83c\udfc6 de <a href=\"https:\/\/twitter.com\/hashtag\/Apertura2017?src=hash&amp;ref_src=twsrc%5Etfw\">#Apertura2017<\/a><br \/>\u00bfCu\u00e1l es tu favorito?<a href=\"https:\/\/twitter.com\/hashtag\/SienteTuLiga?src=hash&amp;ref_src=twsrc%5Etfw\">#SienteTuLiga<\/a> \u26bd <a href=\"https:\/\/t.co\/11gEPdQCze\">pic.twitter.com\/11gEPdQCze<\/a><\/p>\n<p>&mdash; Copa MX (@CopaMx) <a href=\"https:\/\/twitter.com\/CopaMx\/status\/923584996450996225?ref_src=twsrc%5Etfw\">October 26, 2017<\/a><\/p><\/blockquote>\n<p><script async src=\"https:\/\/platform.twitter.com\/widgets.js\" charset=\"utf-8\"><\/script><\/p>\n","protected":false},"excerpt":{"rendered":"<p>Mira los horarios que determin\u00f3 la liga.<\/p>\n","protected":false},"author":129,"featured_media":506675,"comment_status":"closed","ping_status":"closed","sticky":false,"template":"","format":"standard","meta":[],"categories":[4247,2198],"tags":[5959,5960,70,285,5970,497,5972,5974],"_links":{"self":[{"href":"http:\/\/desarrollo.grupomedios.com\/futbol\/wp-json\/wp\/v2\/posts\/506668"}],"collection":[{"href":"http:\/\/desarrollo.grupomedios.com\/futbol\/wp-json\/wp\/v2\/posts"}],"about":[{"href":"http:\/\/desarrollo.grupomedios.com\/futbol\/wp-json\/wp\/v2\/types\/post"}],"author":[{"embeddable":true,"href":"http:\/\/desarrollo.grupomedios.com\/futbol\/wp-json\/wp\/v2\/users\/129"}],"replies":[{"embeddable":true,"href":"http:\/\/desarrollo.grupomedios.com\/futbol\/wp-json\/wp\/v2\/comments?post=506668"}],"version-history":[{"count":2,"href":"http:\/\/desarrollo.grupomedios.com\/futbol\/wp-json\/wp\/v2\/posts\/506668\/revisions"}],"predecessor-version":[{"id":506676,"href":"http:\/\/desarrollo.grupomedios.com\/futbol\/wp-json\/wp\/v2\/posts\/506668\/revisions\/506676"}],"wp:featuredmedia":[{"embeddable":true,"href":"http:\/\/desarrollo.grupomedios.com\/futbol\/wp-json\/wp\/v2\/media\/506675"}],"wp:attachment":[{"href":"http:\/\/desarrollo.grupomedios.com\/futbol\/wp-json\/wp\/v2\/media?parent=506668"}],"wp:term":[{"taxonomy":"category","embeddable":true,"href":"http:\/\/desarrollo.grupomedios.com\/futbol\/wp-json\/wp\/v2\/categories?post=506668"},{"taxonomy":"post_tag","embeddable":true,"href":"http:\/\/desarrollo.grupomedios.com\/futbol\/wp-json\/wp\/v2\/tags?post=506668"}],"curies":[{"name":"wp","href":"https:\/\/api.w.org\/{rel}","templated":true}]}}