{"id":506697,"date":"2017-10-26T14:12:32","date_gmt":"2017-10-26T19:12:32","guid":{"rendered":"https:\/\/www.futboltotal.com.mx\/?p=506697"},"modified":"2017-10-26T16:15:03","modified_gmt":"2017-10-26T21:15:03","slug":"emilio-azcarraga-festejo-recordado-america","status":"publish","type":"post","link":"http:\/\/desarrollo.grupomedios.com\/futbol\/videos\/emilio-azcarraga-festejo-recordado-america\/2017\/10","title":{"rendered":"Emilio Azc\u00e1rraga y su festejo m\u00e1s recordado con el Am\u00e9rica"},"content":{"rendered":"<p>A pesar de que se oficializ\u00f3 la renuncia de <strong>Emilio Azc\u00e1rraga<\/strong> como <strong>Director General del Grupo Televisa<\/strong>, el due\u00f1o de la empresa seguir\u00e1 siendo tambi\u00e9n del <strong>Am\u00e9rica<\/strong> debido a que todav\u00eda no se conoce el impacto que tendr\u00eda su salida a nivel deportivo.<\/p>\n<p>Azc\u00e1rraga ha estado al mando del equipo por m\u00e1s de 20 a\u00f1os y a pesar de que ha tenido algunos malos ratos con las <strong>\u00c1guilas<\/strong>, el equipo de sus amores tambi\u00e9n ha tenido m\u00e1s logros que fracasos, como lo exig\u00eda su padre, <strong>Emilio Azc\u00e1rraga Milmo<\/strong>.<\/p>\n<p style=\"text-align: center;\"><span style=\"color: #3366ff;\"><a href=\"https:\/\/www.futboltotal.com.mx\/futbol-mexicano\/emilio-azcarraga-deja-la-direccion-televisa-pasara-america\/2017\/10\">VER M\u00c1S: Emilio Azc\u00e1rraga deja la direcci\u00f3n de Televisa, \u00bfqu\u00e9 pasar\u00e1 con Am\u00e9rica?<\/a><\/span><\/p>\n<p>Justamente fue en uno de sus logros donde se vio la gran pasi\u00f3n que siente por el equipo, pues en la <strong>Final<\/strong> donde derrotaron a <strong>Cruz Azul<\/strong> en el <strong>Apertura 2013<\/strong>, Azc\u00e1rraga baj\u00f3 a la cancha, sin playera y se puso a aplaudirle a la porra <strong>Monumental<\/strong>, la m\u00e1s emblem\u00e1tica con la que cuenta el Am\u00e9rica desde hace varios a\u00f1os.<\/p>\n<p>Recorri\u00f3 el c\u00e9sped entre familiares y amigos y fue entrevistado por los reporteros de <strong>Televisa<\/strong> para exponer su felicidad por un campeonato m\u00e1s.<\/p>\n<p style=\"text-align: center;\"><span style=\"color: #3366ff;\"><a href=\"https:\/\/www.futboltotal.com.mx\/futbol-mexicano\/liga-mx\/rubens-sambueza-habria-sido-tentado-para-regresar-con-america\/2017\/10\">VER M\u00c1S: Rubens Sambueza habr\u00eda sido tentado para regresar con Am\u00e9rica<\/a><\/span><\/p>\n<p><iframe loading=\"lazy\" src=\"https:\/\/www.youtube.com\/embed\/hUQ-xsA6sco?feature=oembed\" frameborder=\"0\" gesture=\"media\" allowfullscreen><\/iframe><\/p>\n","protected":false},"excerpt":{"rendered":"<p>El due\u00f1o del Am\u00e9rica explot\u00f3 tras la final ante Cruz Azul.<\/p>\n","protected":false},"author":129,"featured_media":506707,"comment_status":"closed","ping_status":"closed","sticky":false,"template":"","format":"standard","meta":[],"categories":[5,2198,3845,4],"tags":[1585,5959,8278,1410,5962,3709,4722],"_links":{"self":[{"href":"http:\/\/desarrollo.grupomedios.com\/futbol\/wp-json\/wp\/v2\/posts\/506697"}],"collection":[{"href":"http:\/\/desarrollo.grupomedios.com\/futbol\/wp-json\/wp\/v2\/posts"}],"about":[{"href":"http:\/\/desarrollo.grupomedios.com\/futbol\/wp-json\/wp\/v2\/types\/post"}],"author":[{"embeddable":true,"href":"http:\/\/desarrollo.grupomedios.com\/futbol\/wp-json\/wp\/v2\/users\/129"}],"replies":[{"embeddable":true,"href":"http:\/\/desarrollo.grupomedios.com\/futbol\/wp-json\/wp\/v2\/comments?post=506697"}],"version-history":[{"count":1,"href":"http:\/\/desarrollo.grupomedios.com\/futbol\/wp-json\/wp\/v2\/posts\/506697\/revisions"}],"predecessor-version":[{"id":506710,"href":"http:\/\/desarrollo.grupomedios.com\/futbol\/wp-json\/wp\/v2\/posts\/506697\/revisions\/506710"}],"wp:featuredmedia":[{"embeddable":true,"href":"http:\/\/desarrollo.grupomedios.com\/futbol\/wp-json\/wp\/v2\/media\/506707"}],"wp:attachment":[{"href":"http:\/\/desarrollo.grupomedios.com\/futbol\/wp-json\/wp\/v2\/media?parent=506697"}],"wp:term":[{"taxonomy":"category","embeddable":true,"href":"http:\/\/desarrollo.grupomedios.com\/futbol\/wp-json\/wp\/v2\/categories?post=506697"},{"taxonomy":"post_tag","embeddable":true,"href":"http:\/\/desarrollo.grupomedios.com\/futbol\/wp-json\/wp\/v2\/tags?post=506697"}],"curies":[{"name":"wp","href":"https:\/\/api.w.org\/{rel}","templated":true}]}}