{"id":506712,"date":"2017-10-26T14:53:14","date_gmt":"2017-10-26T19:53:14","guid":{"rendered":"https:\/\/www.futboltotal.com.mx\/?p=506712"},"modified":"2017-10-26T14:53:54","modified_gmt":"2017-10-26T19:53:54","slug":"recuerdas-a-jackson-martinez-hoy-cumple-ano-sin-jugar","status":"publish","type":"post","link":"http:\/\/desarrollo.grupomedios.com\/futbol\/futbol-internacional\/recuerdas-a-jackson-martinez-hoy-cumple-ano-sin-jugar\/2017\/10","title":{"rendered":"\u00bfRecuerdas a Jackson Mart\u00ednez? Hoy cumple un a\u00f1o sin jugar"},"content":{"rendered":"<p><strong>POR: STAFF FT<\/strong><\/p>\n<p>El delantero colombiano que jugara en los <strong>Jaguares de Chiapas<\/strong>,\u00a0<strong>Jackson Mart\u00ednez,\u00a0<\/strong>ha vivido un aut\u00e9ntico calvario durante el \u00faltimo a\u00f1o, pues no ha logrado ver un solo minuto de juego y adem\u00e1s su paso por Europa no result\u00f3 tan exitoso como se auguraba, luego de llegar al <strong>Porto<\/strong> y dar el salto al <strong>Atl\u00e9tico de Madrid<\/strong>.<\/p>\n<p>El delantero emigr\u00f3 al <strong>Viejo Continente<\/strong> con el Porto, equipo con el que brill\u00f3 de buena forma, por lo que los <strong>Colchoneros<\/strong> se fijaron de inmediato en \u00e9l, plantenado un tema similar al que vivieron con <strong>Radamel Falcao<\/strong>, sin embargo, este colombiano no result\u00f3 lo que se esperaba, jug\u00f3 22 encuentros y apenas anot\u00f3 3 goles.<\/p>\n<p style=\"text-align: center;\"><a href=\"https:\/\/www.futboltotal.com.mx\/futbol-internacional\/eredivisie\/fc-volendam-0-psv-eindhoven-2-copa-holanda-2017-resumen\/2017\/10\">VER M\u00c1S: Chucky Lozano brilla con PSV en la Copa y les da el triunfo<\/a><\/p>\n<p>Para febrero de 2016, los Rojiblancos acordaron con el\u00a0<strong>Guangzhou Evergrande<\/strong>\u00a0la venta del delantero colombiano a cambio de 42 millones de euros, aunque la oferta econ\u00f3mica le favoreci\u00f3, en lo futbol\u00edstico ha resultado un aut\u00e9ntico calvario, pues\u00a0<strong>el 26 de octubre de 2016<\/strong>\u00a0jug\u00f3 el partido completo ante el<strong> Jiangsu Suning\u00a0<\/strong>y desde entonces no ha podido volver a los terrenos de juego.<\/p>\n<p>Han sido dos intervenciones quir\u00fargicas en el tobillo izquierdo y en el tal\u00f3n le han interrumpido su andar futbol\u00edstico, aunque el contrato del atacante con el\u00a0<strong>Guangzhou\u00a0<\/strong>finaliza en 2019, ser\u00e1 hasta el pr\u00f3ximo a\u00f1o, ya sin el estratega Luis Felipe Scolari, que intentar\u00e1 retomar su carrera, la cual se ha quedado hasta el momento en una promesa.<\/p>\n<p>En M\u00e9xico jug\u00f3 de 2009 a 2012 con los Jaguares de Chiapas, jug\u00f3 <strong>68 partidos<\/strong> y anot\u00f3 en <strong>36 ocasiones<\/strong>, convirti\u00e9ndose en uno de los delanteros a seguir y llamando la atenci\u00f3n de los Dragones del Porto, con quienes jug\u00f3 por espacio de tres a\u00f1os y anot\u00f3 <strong>94 goles<\/strong>.<\/p>\n<p style=\"text-align: center;\"><a href=\"https:\/\/www.futboltotal.com.mx\/cambio-de-juego\/que-futbolistas-son-los-personajes-de-club-de-cuervos\/2017\/10\">VER M\u00c1S: \u00bfQu\u00e9 futbolistas son los personajes de Club de Cuervos?<\/a><\/p>\n","protected":false},"excerpt":{"rendered":"<p>El colombiano fue un referente en Chiapas<\/p>\n","protected":false},"author":159,"featured_media":506714,"comment_status":"closed","ping_status":"closed","sticky":false,"template":"","format":"standard","meta":[],"categories":[3839],"tags":[6007,5964,4164,6039,4303,64],"_links":{"self":[{"href":"http:\/\/desarrollo.grupomedios.com\/futbol\/wp-json\/wp\/v2\/posts\/506712"}],"collection":[{"href":"http:\/\/desarrollo.grupomedios.com\/futbol\/wp-json\/wp\/v2\/posts"}],"about":[{"href":"http:\/\/desarrollo.grupomedios.com\/futbol\/wp-json\/wp\/v2\/types\/post"}],"author":[{"embeddable":true,"href":"http:\/\/desarrollo.grupomedios.com\/futbol\/wp-json\/wp\/v2\/users\/159"}],"replies":[{"embeddable":true,"href":"http:\/\/desarrollo.grupomedios.com\/futbol\/wp-json\/wp\/v2\/comments?post=506712"}],"version-history":[{"count":2,"href":"http:\/\/desarrollo.grupomedios.com\/futbol\/wp-json\/wp\/v2\/posts\/506712\/revisions"}],"predecessor-version":[{"id":506716,"href":"http:\/\/desarrollo.grupomedios.com\/futbol\/wp-json\/wp\/v2\/posts\/506712\/revisions\/506716"}],"wp:featuredmedia":[{"embeddable":true,"href":"http:\/\/desarrollo.grupomedios.com\/futbol\/wp-json\/wp\/v2\/media\/506714"}],"wp:attachment":[{"href":"http:\/\/desarrollo.grupomedios.com\/futbol\/wp-json\/wp\/v2\/media?parent=506712"}],"wp:term":[{"taxonomy":"category","embeddable":true,"href":"http:\/\/desarrollo.grupomedios.com\/futbol\/wp-json\/wp\/v2\/categories?post=506712"},{"taxonomy":"post_tag","embeddable":true,"href":"http:\/\/desarrollo.grupomedios.com\/futbol\/wp-json\/wp\/v2\/tags?post=506712"}],"curies":[{"name":"wp","href":"https:\/\/api.w.org\/{rel}","templated":true}]}}