{"id":506713,"date":"2017-10-26T14:55:28","date_gmt":"2017-10-26T19:55:28","guid":{"rendered":"https:\/\/www.futboltotal.com.mx\/?p=506713"},"modified":"2017-10-26T14:55:28","modified_gmt":"2017-10-26T19:55:28","slug":"sampaoli-la-afa-se-reunen-agentes-rusos-tras-amenaza-isis-a-messi","status":"publish","type":"post","link":"http:\/\/desarrollo.grupomedios.com\/futbol\/futbol-internacional\/sampaoli-la-afa-se-reunen-agentes-rusos-tras-amenaza-isis-a-messi\/2017\/10","title":{"rendered":"Sampaoli y la AFA se reunen con agentes rusos tras amenaza de ISIS a Messi"},"content":{"rendered":"<p>El <strong>seleccionador de Argentina<\/strong>, <strong>Jorge Sampaoli<\/strong>, y el presidente de la <strong>Asociaci\u00f3n del F\u00fatbol Argentino (AFA)<\/strong>, <strong>Claudio Tapia<\/strong>, se reunieron hoy con el embajador de <strong>Rusia<\/strong> en en el pa\u00eds, <strong>Viktor Koronelli<\/strong>, tras la amenaza del grupo terrorista <strong>Estado Isl\u00e1mico (EI o ISIS<\/strong> por sus siglas en ingl\u00e9s) a <strong>Lionel Messi<\/strong>.<\/p>\n<p>Argentina jugar\u00e1 en Rusia dos amistosos: el primero el 11 de noviembre ante la selecci\u00f3n local y el siguiente ante <strong>Nigeria<\/strong> tres d\u00edas m\u00e1s tardes, ambos en el<strong> Estadio Luzhnik\u00ed<\/strong> de <strong>Mosc\u00fa.<\/strong><\/p>\n<p style=\"text-align: center;\"><span style=\"color: #3366ff;\"><a href=\"https:\/\/www.futboltotal.com.mx\/futbol-internacional\/eredivisie\/fc-volendam-0-psv-eindhoven-2-copa-holanda-2017-resumen\/2017\/10\">VER M\u00c1S: Chucky Lozano brilla con PSV en la Copa y les da el triunfo<\/a><\/span><\/p>\n<p>&#8220;El Presidente Tapia recibi\u00f3 en #Ezeiza al embajador de Rusia en #Argentina, Viktor Koronelli. El DT Sampaoli tambi\u00e9n dialog\u00f3 con ellos&#8221;, inform\u00f3 la AFA a trav\u00e9s de su cuenta en la red social Twitter.<\/p>\n<blockquote class=\"twitter-tweet\" data-width=\"500\">\n<p lang=\"es\" dir=\"ltr\">El Presidente Tapia recibi\u00f3 en <a href=\"https:\/\/twitter.com\/hashtag\/Ezeiza?src=hash&amp;ref_src=twsrc%5Etfw\">#Ezeiza<\/a> al embajador de Rusia en <a href=\"https:\/\/twitter.com\/hashtag\/Argentina?src=hash&amp;ref_src=twsrc%5Etfw\">#Argentina<\/a>, Viktor Koronelli. El DT Sampaoli tambi\u00e9n dialog\u00f3 con ellos. <a href=\"https:\/\/t.co\/Qo1ScfFhvt\">pic.twitter.com\/Qo1ScfFhvt<\/a><\/p>\n<p>&mdash; Selecci\u00f3n Argentina (@Argentina) <a href=\"https:\/\/twitter.com\/Argentina\/status\/923599484835201025?ref_src=twsrc%5Etfw\">October 26, 2017<\/a><\/p><\/blockquote>\n<p><script async src=\"https:\/\/platform.twitter.com\/widgets.js\" charset=\"utf-8\"><\/script><\/p>\n<p>La reuni\u00f3n se produjo pocos despu\u00e9s de que el grupo terrorista Estado Isl\u00e1mico difundiera un montaje en el que se ve al capit\u00e1n de la Albiceleste tras unos barrotes y con una l\u00e1grima de sangre.<\/p>\n<p>La prensa local asegura que la reuni\u00f3n se llev\u00f3 a cabo para dialogar sobre la seguridad del equipo argentino en Rusia.<\/p>\n<div id=\"attachment_506424\" style=\"width: 1146px\" class=\"wp-caption alignnone\"><img aria-describedby=\"caption-attachment-506424\" decoding=\"async\" loading=\"lazy\" class=\"size-full wp-image-506424\" src=\"https:\/\/www.futboltotal.com.mx\/wp-content\/uploads\/2017\/10\/isis-usa-imagen-messi-amenazar-mundial-rusia-2018.jpg\" alt=\"Sampaoli y la AFA se reunen con agentes rusos tras amenaza de ISIS a Messi 0\" srcset=\"http:\/\/desarrollo.grupomedios.com\/futbol\/wp-content\/uploads\/2017\/10\/isis-usa-imagen-messi-amenazar-mundial-rusia-2018.jpg 1136w, http:\/\/desarrollo.grupomedios.com\/futbol\/wp-content\/uploads\/2017\/10\/isis-usa-imagen-messi-amenazar-mundial-rusia-2018-300x169.jpg 300w, http:\/\/desarrollo.grupomedios.com\/futbol\/wp-content\/uploads\/2017\/10\/isis-usa-imagen-messi-amenazar-mundial-rusia-2018-768x432.jpg 768w, http:\/\/desarrollo.grupomedios.com\/futbol\/wp-content\/uploads\/2017\/10\/isis-usa-imagen-messi-amenazar-mundial-rusia-2018-1024x576.jpg 1024w, http:\/\/desarrollo.grupomedios.com\/futbol\/wp-content\/uploads\/2017\/10\/isis-usa-imagen-messi-amenazar-mundial-rusia-2018-393x221.jpg 393w\" sizes=\"(max-width: 1136px) 100vw, 1136px\" \/><p id=\"caption-attachment-506424\" class=\"wp-caption-text\">La imagen de Messi ha sido usada por ISIS para amenazar el Mundial Rusia 2018.<\/p><\/div>\n<p>Sin embargo, desde la AFA evitaron aclarar si la amenaza motiv\u00f3 ese encuentro. EFE<\/p>\n<p style=\"text-align: center;\"><span style=\"color: #3366ff;\"><a href=\"https:\/\/www.futboltotal.com.mx\/otros-deportes\/la-formula-uno-una-mafia-checo-perez\/2017\/10\">VER M\u00c1S: La F\u00f3rmula Uno es una mafia: Checo P\u00e9rez<\/a><\/span><\/p>\n","protected":false},"excerpt":{"rendered":"<p>Argentina jugar\u00e1 un amistoso en Rusia.<\/p>\n","protected":false},"author":129,"featured_media":503845,"comment_status":"closed","ping_status":"closed","sticky":false,"template":"","format":"standard","meta":[],"categories":[3839],"tags":[10844,6214,7094,248,10893,1063,5856],"_links":{"self":[{"href":"http:\/\/desarrollo.grupomedios.com\/futbol\/wp-json\/wp\/v2\/posts\/506713"}],"collection":[{"href":"http:\/\/desarrollo.grupomedios.com\/futbol\/wp-json\/wp\/v2\/posts"}],"about":[{"href":"http:\/\/desarrollo.grupomedios.com\/futbol\/wp-json\/wp\/v2\/types\/post"}],"author":[{"embeddable":true,"href":"http:\/\/desarrollo.grupomedios.com\/futbol\/wp-json\/wp\/v2\/users\/129"}],"replies":[{"embeddable":true,"href":"http:\/\/desarrollo.grupomedios.com\/futbol\/wp-json\/wp\/v2\/comments?post=506713"}],"version-history":[{"count":1,"href":"http:\/\/desarrollo.grupomedios.com\/futbol\/wp-json\/wp\/v2\/posts\/506713\/revisions"}],"predecessor-version":[{"id":506717,"href":"http:\/\/desarrollo.grupomedios.com\/futbol\/wp-json\/wp\/v2\/posts\/506713\/revisions\/506717"}],"wp:featuredmedia":[{"embeddable":true,"href":"http:\/\/desarrollo.grupomedios.com\/futbol\/wp-json\/wp\/v2\/media\/503845"}],"wp:attachment":[{"href":"http:\/\/desarrollo.grupomedios.com\/futbol\/wp-json\/wp\/v2\/media?parent=506713"}],"wp:term":[{"taxonomy":"category","embeddable":true,"href":"http:\/\/desarrollo.grupomedios.com\/futbol\/wp-json\/wp\/v2\/categories?post=506713"},{"taxonomy":"post_tag","embeddable":true,"href":"http:\/\/desarrollo.grupomedios.com\/futbol\/wp-json\/wp\/v2\/tags?post=506713"}],"curies":[{"name":"wp","href":"https:\/\/api.w.org\/{rel}","templated":true}]}}