{"id":506721,"date":"2017-10-26T15:51:53","date_gmt":"2017-10-26T20:51:53","guid":{"rendered":"https:\/\/www.futboltotal.com.mx\/?p=506721"},"modified":"2017-10-26T15:52:25","modified_gmt":"2017-10-26T20:52:25","slug":"rafael-sobis-regresaria-a-la-liga-mx-queretaro","status":"publish","type":"post","link":"http:\/\/desarrollo.grupomedios.com\/futbol\/futbol-mexicano\/rafael-sobis-regresaria-a-la-liga-mx-queretaro\/2017\/10","title":{"rendered":"Rafael Sobis regresar\u00eda a la Liga MX con Quer\u00e9taro"},"content":{"rendered":"<p><strong>POR: STAFF FT<\/strong><\/p>\n<p>El delantero brasile\u00f1o, <strong>Rafael Sobis<\/strong>, tendr\u00eda todo listo para regresar al futbol mexicano el pr\u00f3ximo semestre, de acuerdo a reportes de la prensa brasile\u00f1a, en donde ha trascendido que el futbolistas de 32 a\u00f1os deje al <strong>Cruzeiro<\/strong> para militar en su segundo club de la <strong>Liga MX<\/strong>, donde ya milit\u00f3 en los <strong>Tigres UANL<\/strong>.<\/p>\n<p>El club que desea al delantero brasile\u00f1o es<strong> Gallos de Quer\u00e9taro<\/strong>, equipo en el que compartir\u00eda delantera con sus compatriotas,\u00a0<strong>Everaldo Stum<\/strong> y <strong>Camilo Sanvezzo<\/strong>, adem\u00e1s de jugar junto al guardameta\u00a0<strong>Tiago Volpi<\/strong>, quienes desembolsar\u00edan cerca de\u00a0<strong>2 millones de d\u00f3lares<\/strong> para regresar al atacante al futbol de nuestro pa\u00eds, de acuerdo con Terra Brasil.<\/p>\n<p style=\"text-align: center;\"><a href=\"https:\/\/www.futboltotal.com.mx\/futbol-internacional\/eredivisie\/fc-volendam-0-psv-eindhoven-2-copa-holanda-2017-resumen\/2017\/10\">VER M\u00c1S: Chucky Lozano brilla con PSV en la Copa y les da el triunfo<\/a><\/p>\n<p><strong>\u201cEn primer lugar debe llegar una propuesta a Cruzeiro y despu\u00e9s lo conversaremos\u201d<\/strong>, expres\u00f3 Jorge Machado, representante del futbolista, aunque si acept\u00f3 que ya existi\u00f3 un primer contacto con el club y lo analizar\u00e1 junto al delantero brasile\u00f1o, quien tiene contrato con Cruzeiro hasta diciembre de 2019, sin embargo, su equipo estar\u00eda de acuerdo en dejarlo ir para hacer m\u00e1s ligera la plantilla en cuesti\u00f3n salarial.<\/p>\n<p>Su paso por el futbol brasile\u00f1o ha tenido <strong>17 anotaciones<\/strong>\u00a0entre Liga y Copa con el Cruzeiro. En M\u00e9xico milit\u00f3 en <strong>Tigres<\/strong> de 2014 a 2016, jug\u00f3 un total de 52 partidos y anot\u00f3 <strong>18 goles<\/strong>, adem\u00e1s fue campe\u00f3n de la Liga MX en 2015 con el equipo felino.<\/p>\n<p><iframe loading=\"lazy\" src=\"https:\/\/www.youtube.com\/embed\/TIXsakU6FPw?start=14&#038;feature=oembed\" frameborder=\"0\" gesture=\"media\" allowfullscreen><\/iframe><\/p>\n<p style=\"text-align: center;\"><a href=\"https:\/\/www.futboltotal.com.mx\/futbol-internacional\/recuerdas-a-jackson-martinez-hoy-cumple-ano-sin-jugar\/2017\/10\">VER M\u00c1S: \u00bfRecuerdas a Jackson Mart\u00ednez? Hoy cumple un a\u00f1o sin jugar<\/a><\/p>\n","protected":false},"excerpt":{"rendered":"<p>El delantero vivir\u00eda su segunda etapa en M\u00e9xico<\/p>\n","protected":false},"author":159,"featured_media":506724,"comment_status":"closed","ping_status":"closed","sticky":false,"template":"","format":"standard","meta":[],"categories":[2198,3845],"tags":[4256,64,5970,7144,5973],"_links":{"self":[{"href":"http:\/\/desarrollo.grupomedios.com\/futbol\/wp-json\/wp\/v2\/posts\/506721"}],"collection":[{"href":"http:\/\/desarrollo.grupomedios.com\/futbol\/wp-json\/wp\/v2\/posts"}],"about":[{"href":"http:\/\/desarrollo.grupomedios.com\/futbol\/wp-json\/wp\/v2\/types\/post"}],"author":[{"embeddable":true,"href":"http:\/\/desarrollo.grupomedios.com\/futbol\/wp-json\/wp\/v2\/users\/159"}],"replies":[{"embeddable":true,"href":"http:\/\/desarrollo.grupomedios.com\/futbol\/wp-json\/wp\/v2\/comments?post=506721"}],"version-history":[{"count":2,"href":"http:\/\/desarrollo.grupomedios.com\/futbol\/wp-json\/wp\/v2\/posts\/506721\/revisions"}],"predecessor-version":[{"id":506726,"href":"http:\/\/desarrollo.grupomedios.com\/futbol\/wp-json\/wp\/v2\/posts\/506721\/revisions\/506726"}],"wp:featuredmedia":[{"embeddable":true,"href":"http:\/\/desarrollo.grupomedios.com\/futbol\/wp-json\/wp\/v2\/media\/506724"}],"wp:attachment":[{"href":"http:\/\/desarrollo.grupomedios.com\/futbol\/wp-json\/wp\/v2\/media?parent=506721"}],"wp:term":[{"taxonomy":"category","embeddable":true,"href":"http:\/\/desarrollo.grupomedios.com\/futbol\/wp-json\/wp\/v2\/categories?post=506721"},{"taxonomy":"post_tag","embeddable":true,"href":"http:\/\/desarrollo.grupomedios.com\/futbol\/wp-json\/wp\/v2\/tags?post=506721"}],"curies":[{"name":"wp","href":"https:\/\/api.w.org\/{rel}","templated":true}]}}