{"id":506731,"date":"2017-10-26T16:46:03","date_gmt":"2017-10-26T21:46:03","guid":{"rendered":"https:\/\/www.futboltotal.com.mx\/?p=506731"},"modified":"2017-10-26T16:46:03","modified_gmt":"2017-10-26T21:46:03","slug":"wolfsburgo-tendria-en-la-mira-a-jugador-mexicano","status":"publish","type":"post","link":"http:\/\/desarrollo.grupomedios.com\/futbol\/cambio-de-juego\/wolfsburgo-tendria-en-la-mira-a-jugador-mexicano\/2017\/10","title":{"rendered":"Wolfsburgo tendr\u00eda en la mira a un &#8216;jugador&#8217; mexicano"},"content":{"rendered":"<p>En las \u00faltimas semanas el <strong>Wolfsburgo<\/strong> ha tenido una relaci\u00f3n muy cercana con<strong> M\u00e9xic<\/strong>o gracias al equipo de los <strong>Lobos BUAP<\/strong>, con quien <span style=\"color: #3366ff;\"><a href=\"https:\/\/www.futboltotal.com.mx\/destacado-home\/wolfsburgo-manda-mensaje-apoyo-a-lobos-buap-mexico\/2017\/09\">han intercambiado algunos mensajes y hasta la visita de los alemanes al equipo poblano<\/a><\/span>.<\/p>\n<p>Con el crecimiento de los <strong>eSports<\/strong> en el mundo y el alcance que se est\u00e1 teniendo con los videojuegos deportivos gracias al<strong> FIFA 18<\/strong> de <strong>EA Sports<\/strong>, varios equipos en Europa ya tienen a su equipo formado para enfrentar los diferentes torneos y el Wolfsburgo es uno de ellos.<\/p>\n<p style=\"text-align: center;\"><span style=\"color: #3366ff;\"><a href=\"https:\/\/www.futboltotal.com.mx\/futbol-internacional\/eredivisie\/fc-volendam-0-psv-eindhoven-2-copa-holanda-2017-resumen\/2017\/10\">VER M\u00c1S: Chucky Lozano brilla con PSV en la Copa y les da el triunfo<\/a><\/span><\/p>\n<p>Durante estos torneos, se ha visto a varios jugadores en los torneos mundiales y los mexicanos no han pasado desapercibidos, pues Felix Welling, jefe de desarrollo internacional del club alem\u00e1n, coment\u00f3 en entrevista con <em>ESPN<\/em> que podr\u00edan fichar a un mexicano.<\/p>\n<p>&#8220;Tenemos dos jugadores alemanes y un ingl\u00e9s en nuestra escuadra, pero definitivamente pensamos en firmar a un jugador mexicano en los pr\u00f3ximos a\u00f1os\u201d.<\/p>\n<p>https:\/\/twitter.com\/UL1BARRI\/status\/894393896599531520<\/p>\n<p>El jugador<strong> Rodrigo Ulibarri<\/strong> ser\u00eda el nuevo fichaje del Wolfsburgo para el eSports, el mismo que ser\u00e1 representante de M\u00e9xico en <strong>eSports World Convention<\/strong>, a desarrollarse en Par\u00eds el primer fin de semana de noviembre, donde se entablar\u00edan las negociaciones para cerrar su contrataci\u00f3n<\/p>\n","protected":false},"excerpt":{"rendered":"<p>Los alemanes buscar\u00edan a un mexicano para el eSports.<\/p>\n","protected":false},"author":129,"featured_media":501223,"comment_status":"closed","ping_status":"closed","sticky":false,"template":"","format":"standard","meta":[],"categories":[5419],"tags":[119,8612,10898,431,3521],"_links":{"self":[{"href":"http:\/\/desarrollo.grupomedios.com\/futbol\/wp-json\/wp\/v2\/posts\/506731"}],"collection":[{"href":"http:\/\/desarrollo.grupomedios.com\/futbol\/wp-json\/wp\/v2\/posts"}],"about":[{"href":"http:\/\/desarrollo.grupomedios.com\/futbol\/wp-json\/wp\/v2\/types\/post"}],"author":[{"embeddable":true,"href":"http:\/\/desarrollo.grupomedios.com\/futbol\/wp-json\/wp\/v2\/users\/129"}],"replies":[{"embeddable":true,"href":"http:\/\/desarrollo.grupomedios.com\/futbol\/wp-json\/wp\/v2\/comments?post=506731"}],"version-history":[{"count":1,"href":"http:\/\/desarrollo.grupomedios.com\/futbol\/wp-json\/wp\/v2\/posts\/506731\/revisions"}],"predecessor-version":[{"id":506744,"href":"http:\/\/desarrollo.grupomedios.com\/futbol\/wp-json\/wp\/v2\/posts\/506731\/revisions\/506744"}],"wp:featuredmedia":[{"embeddable":true,"href":"http:\/\/desarrollo.grupomedios.com\/futbol\/wp-json\/wp\/v2\/media\/501223"}],"wp:attachment":[{"href":"http:\/\/desarrollo.grupomedios.com\/futbol\/wp-json\/wp\/v2\/media?parent=506731"}],"wp:term":[{"taxonomy":"category","embeddable":true,"href":"http:\/\/desarrollo.grupomedios.com\/futbol\/wp-json\/wp\/v2\/categories?post=506731"},{"taxonomy":"post_tag","embeddable":true,"href":"http:\/\/desarrollo.grupomedios.com\/futbol\/wp-json\/wp\/v2\/tags?post=506731"}],"curies":[{"name":"wp","href":"https:\/\/api.w.org\/{rel}","templated":true}]}}