{"id":506733,"date":"2017-10-26T16:38:47","date_gmt":"2017-10-26T21:38:47","guid":{"rendered":"https:\/\/www.futboltotal.com.mx\/?p=506733"},"modified":"2017-10-26T16:38:47","modified_gmt":"2017-10-26T21:38:47","slug":"arsenal-busca-a-arturo-vidal-retener-a-alexis-sanchez","status":"publish","type":"post","link":"http:\/\/desarrollo.grupomedios.com\/futbol\/futbol-internacional\/arsenal-busca-a-arturo-vidal-retener-a-alexis-sanchez\/2017\/10","title":{"rendered":"Arsenal busca a Arturo Vidal para retener a Alexis S\u00e1nchez"},"content":{"rendered":"<p><strong>POR: STAFF FT<\/strong><\/p>\n<p><strong>Arturo Vidal<\/strong> se ha convertido en uno de los volantes m\u00e1s solicitados en Europa por el nivel que ha mostrado y a pesar de estar comenzando a ganar la confianza de <strong>Jupp Heynckes<\/strong> en el <strong>Bayern Munich<\/strong>, el chileno estar\u00eda siendo seguido muy de cerca por el <strong>Arsenal<\/strong> de Inglaterra, quien lo querr\u00eda por dos razones espec\u00edficas y estar\u00eda buscando su incorporaci\u00f3n en enero, dado que su selecci\u00f3n no clasific\u00f3 al Mundial de <strong>Rusia 2018<\/strong> y no estar\u00eda apresurado por ese tema el futbolista.<\/p>\n<p>De acuerdo al diario ingl\u00e9s The Mirror, son dos los motivos de peso para estar analizando de forma seria el fichaje del volante chileno: uno de ellos es que est\u00e1n viendo como inminente la salida de\u00a0<strong>Mesut \u00d6zil<\/strong>, quien termina contrato la pr\u00f3xima temporada, y creen que podr\u00eda ocupar esa posici\u00f3n sin ning\u00fan problema; la segunda es que est\u00e1n buscando un futbolista que convenza a <strong>Alexis S\u00e1nchez<\/strong> de quedarse con los <strong>Gunners<\/strong> y ese ser\u00eda su compatriota. <strong>S\u00e1nchez<\/strong> tambi\u00e9n termina contrato esta temporada 2017-2018 y las ofertas no han parado de llegarle.<\/p>\n<p style=\"text-align: center;\"><a href=\"https:\/\/www.futboltotal.com.mx\/futbol-internacional\/recuerdas-a-jackson-martinez-hoy-cumple-ano-sin-jugar\/2017\/10\">VER M\u00c1S: \u00bfRecuerdas a Jackson Mart\u00ednez? Hoy cumple un a\u00f1o sin jugar<\/a><\/p>\n<p>El volante chileno tambi\u00e9n se encuentra en la \u00f3rbita del <strong>Inter de Mil\u00e1n<\/strong>, aunque de acuerdo al entorno del chileno la <strong>Premier League<\/strong> le resultar\u00eda una liga m\u00e1s competitiva que la <strong>Serie A<\/strong>, sin embargo, la \u00faltima palabra la tendr\u00eda el\u00a0Bayern Munich que si tendr\u00eda contemplado al futbolista como uno de sus indiscutibles.<\/p>\n<p>El chileno de 30 a\u00f1os ver\u00eda en esta su \u00faltima oportunidad para tomar un contrato importante en <strong>Europa<\/strong>, pues despu\u00e9s de la decepci\u00f3n de la Selecci\u00f3n de Chile y su no participaci\u00f3n en Rusia 2018, sus bonos no podr\u00e1n subir m\u00e1s en el panorama internacional. Vidal ha jugado seis partidos esta temporada y suma<strong> 421 minutos<\/strong> con los b\u00e1varos, mientras que ha logrado anotar un gol.<\/p>\n<p style=\"text-align: center;\"><a href=\"https:\/\/www.futboltotal.com.mx\/futbol-internacional\/liga-de-espana\/fc-barcelona-cuatro-defensas-centrales-en-la-mira\/2017\/10\">VER M\u00c1S: FC Barcelona tiene cuatro defensas centrales en la mira<\/a><\/p>\n","protected":false},"excerpt":{"rendered":"<p>El chileno lograr\u00eda convencer a Alexis de quedarse<\/p>\n","protected":false},"author":159,"featured_media":506741,"comment_status":"closed","ping_status":"closed","sticky":false,"template":"","format":"standard","meta":[],"categories":[7740,3839,3846],"tags":[6053,6044,2962,2056,465],"_links":{"self":[{"href":"http:\/\/desarrollo.grupomedios.com\/futbol\/wp-json\/wp\/v2\/posts\/506733"}],"collection":[{"href":"http:\/\/desarrollo.grupomedios.com\/futbol\/wp-json\/wp\/v2\/posts"}],"about":[{"href":"http:\/\/desarrollo.grupomedios.com\/futbol\/wp-json\/wp\/v2\/types\/post"}],"author":[{"embeddable":true,"href":"http:\/\/desarrollo.grupomedios.com\/futbol\/wp-json\/wp\/v2\/users\/159"}],"replies":[{"embeddable":true,"href":"http:\/\/desarrollo.grupomedios.com\/futbol\/wp-json\/wp\/v2\/comments?post=506733"}],"version-history":[{"count":1,"href":"http:\/\/desarrollo.grupomedios.com\/futbol\/wp-json\/wp\/v2\/posts\/506733\/revisions"}],"predecessor-version":[{"id":506742,"href":"http:\/\/desarrollo.grupomedios.com\/futbol\/wp-json\/wp\/v2\/posts\/506733\/revisions\/506742"}],"wp:featuredmedia":[{"embeddable":true,"href":"http:\/\/desarrollo.grupomedios.com\/futbol\/wp-json\/wp\/v2\/media\/506741"}],"wp:attachment":[{"href":"http:\/\/desarrollo.grupomedios.com\/futbol\/wp-json\/wp\/v2\/media?parent=506733"}],"wp:term":[{"taxonomy":"category","embeddable":true,"href":"http:\/\/desarrollo.grupomedios.com\/futbol\/wp-json\/wp\/v2\/categories?post=506733"},{"taxonomy":"post_tag","embeddable":true,"href":"http:\/\/desarrollo.grupomedios.com\/futbol\/wp-json\/wp\/v2\/tags?post=506733"}],"curies":[{"name":"wp","href":"https:\/\/api.w.org\/{rel}","templated":true}]}}