{"id":506746,"date":"2017-10-26T18:21:15","date_gmt":"2017-10-26T23:21:15","guid":{"rendered":"https:\/\/www.futboltotal.com.mx\/?p=506746"},"modified":"2017-10-26T18:21:15","modified_gmt":"2017-10-26T23:21:15","slug":"en-america-me-senti-enganado-antonio-mohamed","status":"publish","type":"post","link":"http:\/\/desarrollo.grupomedios.com\/futbol\/destacado-home\/en-america-me-senti-enganado-antonio-mohamed\/2017\/10","title":{"rendered":"En Am\u00e9rica me sent\u00ed enga\u00f1ado: Antonio Mohamed"},"content":{"rendered":"<p><strong>Antonio Mohamed<\/strong>, entrenador de los <em>Rayados<\/em> de <strong>Monterrey<\/strong>, afirm\u00f3 que la forma en c\u00f3mo se dio su salida de las <em>\u00c1guilas<\/em> del <strong>Am\u00e9rica<\/strong> fue injusta, despu\u00e9s de los resultados que arrojo, incluido un campeonato.<\/p>\n<p>El &#8216;Turco&#8217; se\u00f1al\u00f3 que se sinti\u00f3 enga\u00f1ado, porque los directivos americanistas no fueron justos con su trabajo, &#8220;ellos no me dijeron nada cuando contrataron a (Gustavo) <strong>Matosas<\/strong>. Estaban frente a m\u00ed y no me dijeron nada&#8221;.<\/p>\n<p>Mohamed asegur\u00f3 que le hubiera gustado la honestidad y que &#8220;de frente&#8221; le hubieran dicho que su trabajo iba a terminar como DT del Am\u00e9rica, y no que de un d\u00eda para el otro simplemente me dijeron que me ir\u00eda&#8221;.<\/p>\n<p style=\"text-align: center;\"><a href=\"https:\/\/www.futboltotal.com.mx\/futbol-mexicano\/rafael-sobis-regresaria-a-la-liga-mx-queretaro\/2017\/10\">VER M\u00c1S: <span class=\"item-title\">Rafael Sobis regresar\u00eda a la Liga MX con Quer\u00e9taro<\/span><\/a><\/p>\n<p>El ex entrenador de las \u00c1guilas dijo que la comunicaci\u00f3n y la forma en c\u00f3mo fue su despido tuvo sus consecuencias, ya que a Matosas no le fue del todo bien y termin\u00f3 abandonando la instituci\u00f3n azulcrema.<\/p>\n<p>El &#8216;Turco&#8217; asever\u00f3 que suceder a Miguel Herrera en el cambio de tim\u00f3n en Am\u00e9rica no fue nada sencillo, ya que ven\u00eda de tener una gran gesti\u00f3n al frente de las \u00c1guilas, situaci\u00f3n que lo llevo a la <strong>Selecci\u00f3n Mexicana.<\/strong><\/p>\n<p>Confirm\u00f3 que &#8220;el trabajo fue muy pesado los primeros seis meses porque no pude hacer grandes cambios, al siguiente semestre dirig\u00ed como yo quer\u00eda y me fui siendo campe\u00f3n&#8221;.<\/p>\n<p style=\"text-align: center;\"><span style=\"color: #333399;\"><a href=\"https:\/\/www.futboltotal.com.mx\/cambio-de-juego\/wolfsburgo-tendria-en-la-mira-a-jugador-mexicano\/2017\/10\">VER M\u00c1S: <span class=\"item-title\">Wolfsburgo tendr\u00eda en la mira a un \u2018jugador\u2019 mexicano<\/span><\/a><\/span><\/p>\n","protected":false},"excerpt":{"rendered":"<p>El &#8216;Turco&#8217; se\u00f1al\u00f3 que nunca le hablaron de frente los directivos de las \u00c1guilas sobre su salida<\/p>\n","protected":false},"author":160,"featured_media":506747,"comment_status":"closed","ping_status":"closed","sticky":false,"template":"","format":"standard","meta":[],"categories":[5,2198,3845],"tags":[5959,1587,64,5966],"_links":{"self":[{"href":"http:\/\/desarrollo.grupomedios.com\/futbol\/wp-json\/wp\/v2\/posts\/506746"}],"collection":[{"href":"http:\/\/desarrollo.grupomedios.com\/futbol\/wp-json\/wp\/v2\/posts"}],"about":[{"href":"http:\/\/desarrollo.grupomedios.com\/futbol\/wp-json\/wp\/v2\/types\/post"}],"author":[{"embeddable":true,"href":"http:\/\/desarrollo.grupomedios.com\/futbol\/wp-json\/wp\/v2\/users\/160"}],"replies":[{"embeddable":true,"href":"http:\/\/desarrollo.grupomedios.com\/futbol\/wp-json\/wp\/v2\/comments?post=506746"}],"version-history":[{"count":1,"href":"http:\/\/desarrollo.grupomedios.com\/futbol\/wp-json\/wp\/v2\/posts\/506746\/revisions"}],"predecessor-version":[{"id":506748,"href":"http:\/\/desarrollo.grupomedios.com\/futbol\/wp-json\/wp\/v2\/posts\/506746\/revisions\/506748"}],"wp:featuredmedia":[{"embeddable":true,"href":"http:\/\/desarrollo.grupomedios.com\/futbol\/wp-json\/wp\/v2\/media\/506747"}],"wp:attachment":[{"href":"http:\/\/desarrollo.grupomedios.com\/futbol\/wp-json\/wp\/v2\/media?parent=506746"}],"wp:term":[{"taxonomy":"category","embeddable":true,"href":"http:\/\/desarrollo.grupomedios.com\/futbol\/wp-json\/wp\/v2\/categories?post=506746"},{"taxonomy":"post_tag","embeddable":true,"href":"http:\/\/desarrollo.grupomedios.com\/futbol\/wp-json\/wp\/v2\/tags?post=506746"}],"curies":[{"name":"wp","href":"https:\/\/api.w.org\/{rel}","templated":true}]}}