{"id":506749,"date":"2017-10-26T18:53:45","date_gmt":"2017-10-26T23:53:45","guid":{"rendered":"https:\/\/www.futboltotal.com.mx\/?p=506749"},"modified":"2017-10-26T18:53:45","modified_gmt":"2017-10-26T23:53:45","slug":"chivas-preparado-sale-matias-almeyda","status":"publish","type":"post","link":"http:\/\/desarrollo.grupomedios.com\/futbol\/destacado-home\/chivas-preparado-sale-matias-almeyda\/2017\/10","title":{"rendered":"Chivas, preparado por si sale Mat\u00edas Almeyda"},"content":{"rendered":"<p><strong>Jair Pereira<\/strong>, capit\u00e1n de las <strong>Chivas<\/strong>, se\u00f1al\u00f3 que el equipo est\u00e1 preparado por si el entrenador argentino <strong>Mat\u00edas Almeyda<\/strong> deja la instituci\u00f3n rojiblanca.<\/p>\n<p>Pereira afirm\u00f3 que est\u00e1n conscientes del gran trabajo que ha hecho el &#8216;Pelado&#8217; en sus dos a\u00f1os de trabajo con el Reba\u00f1o Sagrado, con el cual ha salido campe\u00f3n de <strong>Liga y Copa MX<\/strong>, y que esto le ha tra\u00eddo varias ofertas para dirigir a nuevos clubes.<\/p>\n<p>El defensa de las Chivas asegur\u00f3 que <strong>Mat\u00edas Almeyda<\/strong> merece el \u00e9xito que ha cosechado con el equipo rojiblanco, y &#8220;si su salida se da para ir a un lugar mejor est\u00e1 muy bien. Nosotros no queremos que se vaya, pero si es para mejorar, adelante&#8221;.<\/p>\n<p style=\"text-align: center;\"><span style=\"color: #333399;\"><a href=\"https:\/\/www.futboltotal.com.mx\/destacado-home\/en-america-me-senti-enganado-antonio-mohamed\/2017\/10\">VER M\u00c1S &#8211; <span class=\"item-title\">En Am\u00e9rica me sent\u00ed enga\u00f1ado: Antonio Mohamed<\/span><\/a><\/span><\/p>\n<p>El &#8216;Comandante&#8217; destac\u00f3 que la temporada que ha tenido en este <strong>Apertura 2017<\/strong> no ha sido la mejor por las lesiones, pero reiter\u00f3 su deseo de permanecer en la instituci\u00f3n rojiblanca.<\/p>\n<p>Sin embargo, Jair Pereira sabe que su continuidad en el Reba\u00f1o no depende de \u00e9l, &#8220;la directiva es la que va a tomar las decisiones sobre si seguir\u00e9 con el equipo&#8221;.<\/p>\n<p style=\"text-align: center;\"><span style=\"color: #333399;\"><a href=\"https:\/\/www.futboltotal.com.mx\/futbol-mexicano\/rafael-sobis-regresaria-a-la-liga-mx-queretaro\/2017\/10\">VER M\u00c1S: <span class=\"item-title\">Rafael Sobis regresar\u00eda a la Liga MX con Quer\u00e9taro<\/span><\/a><\/span><\/p>\n","protected":false},"excerpt":{"rendered":"<p>El capit\u00e1n de las Chivas, Jair Pereira asegur\u00f3 que en el seno rojiblanco no quieren que se vaya<\/p>\n","protected":false},"author":160,"featured_media":506750,"comment_status":"closed","ping_status":"closed","sticky":false,"template":"","format":"standard","meta":[],"categories":[5,2198,3845],"tags":[8357,70,955,64,1420],"_links":{"self":[{"href":"http:\/\/desarrollo.grupomedios.com\/futbol\/wp-json\/wp\/v2\/posts\/506749"}],"collection":[{"href":"http:\/\/desarrollo.grupomedios.com\/futbol\/wp-json\/wp\/v2\/posts"}],"about":[{"href":"http:\/\/desarrollo.grupomedios.com\/futbol\/wp-json\/wp\/v2\/types\/post"}],"author":[{"embeddable":true,"href":"http:\/\/desarrollo.grupomedios.com\/futbol\/wp-json\/wp\/v2\/users\/160"}],"replies":[{"embeddable":true,"href":"http:\/\/desarrollo.grupomedios.com\/futbol\/wp-json\/wp\/v2\/comments?post=506749"}],"version-history":[{"count":1,"href":"http:\/\/desarrollo.grupomedios.com\/futbol\/wp-json\/wp\/v2\/posts\/506749\/revisions"}],"predecessor-version":[{"id":506751,"href":"http:\/\/desarrollo.grupomedios.com\/futbol\/wp-json\/wp\/v2\/posts\/506749\/revisions\/506751"}],"wp:featuredmedia":[{"embeddable":true,"href":"http:\/\/desarrollo.grupomedios.com\/futbol\/wp-json\/wp\/v2\/media\/506750"}],"wp:attachment":[{"href":"http:\/\/desarrollo.grupomedios.com\/futbol\/wp-json\/wp\/v2\/media?parent=506749"}],"wp:term":[{"taxonomy":"category","embeddable":true,"href":"http:\/\/desarrollo.grupomedios.com\/futbol\/wp-json\/wp\/v2\/categories?post=506749"},{"taxonomy":"post_tag","embeddable":true,"href":"http:\/\/desarrollo.grupomedios.com\/futbol\/wp-json\/wp\/v2\/tags?post=506749"}],"curies":[{"name":"wp","href":"https:\/\/api.w.org\/{rel}","templated":true}]}}