{"id":506789,"date":"2017-10-27T10:09:40","date_gmt":"2017-10-27T15:09:40","guid":{"rendered":"https:\/\/www.futboltotal.com.mx\/?p=506789"},"modified":"2017-10-27T10:09:40","modified_gmt":"2017-10-27T15:09:40","slug":"esteban-ocon-companero-checo-denuncio-amenaza-muerte-fans-mexicanos","status":"publish","type":"post","link":"http:\/\/desarrollo.grupomedios.com\/futbol\/no-todo-es-futbol\/esteban-ocon-companero-checo-denuncio-amenaza-muerte-fans-mexicanos\/2017\/10","title":{"rendered":"Ocon, compa\u00f1ero de Checo, denunci\u00f3 amenaza de muerte por fans mexicanos"},"content":{"rendered":"<p>Tras el choque que tuvo con <strong>Sergio P\u00e9rez<\/strong> en <strong>Bak\u00fa<\/strong>, el piloto franc\u00e9s <strong>Esteban Ocon<\/strong> asegur\u00f3 que recibi\u00f3 amenazas de muerte de parte de aficionados mexicanos a trav\u00e9s de redes sociales<\/p>\n<p>Es por ello que el p\u00edloto de<strong> Force India<\/strong>, crey\u00f3 que esto le causar\u00eda problemas en su estad\u00eda en tierras aztecas, aunque fue todo lo contrario a lo que esperaba.<\/p>\n<p style=\"text-align: center;\"><span style=\"color: #3366ff;\"><a href=\"https:\/\/www.futboltotal.com.mx\/otros-deportes\/la-formula-uno-una-mafia-checo-perez\/2017\/10\">VER M\u00c1S: La F\u00f3rmula Uno es una mafia: Checo P\u00e9rez<\/a><\/span><\/p>\n<p>&#8220;Esperaba que hubiera una bienvenida dura esta semana luego de las amenazas de muerte y de ver todos los mensajes que recib\u00ed en Twitter, cre\u00ed que ser\u00eda una locura.<\/p>\n<p>&#8220;En realidad he tenido una c\u00e1lida bienvenida desde el principio. Vamos a ver si contin\u00faa. Espero que s\u00ed&#8221;, dijo en conferencia con los medios en el paddock del <strong>Gran Premio de M\u00e9xico<\/strong>.<\/p>\n<p>El coequipero de Checo en Force India cree que todo qued\u00f3 en las redes, desde su llegada siente el apoyo para toda la escuder\u00eda.<\/p>\n<p style=\"text-align: center;\"><span style=\"color: #3366ff;\"><a href=\"https:\/\/www.futboltotal.com.mx\/no-todo-es-futbol\/autos\/debes-saber-del-gran-premio-mexico-guia-villamelones\/2017\/10\">VER M\u00c1S: \u00bfQu\u00e9 debes saber del Gran Premio de M\u00e9xico? Gu\u00eda para villamelones<\/a><\/span><\/p>\n<p>&#8220;Creo que la \u00faltima (amenaza) fue ayer mi\u00e9rcoles. Pero fuera del Twitter, en el mundo real, todos me han dado una gran bienvenida y est\u00e1n apoyando al equipo, no s\u00f3lo a Checo&#8221;, apunt\u00f3 Ocon.<\/p>\n","protected":false},"excerpt":{"rendered":"<p>El franc\u00e9s lament\u00f3 el choque con Checo P\u00e9rez.<\/p>\n","protected":false},"author":129,"featured_media":506794,"comment_status":"closed","ping_status":"closed","sticky":false,"template":"","format":"standard","meta":[],"categories":[5810,5418,6411],"tags":[5480,10908,10057,5493,6403,6302],"_links":{"self":[{"href":"http:\/\/desarrollo.grupomedios.com\/futbol\/wp-json\/wp\/v2\/posts\/506789"}],"collection":[{"href":"http:\/\/desarrollo.grupomedios.com\/futbol\/wp-json\/wp\/v2\/posts"}],"about":[{"href":"http:\/\/desarrollo.grupomedios.com\/futbol\/wp-json\/wp\/v2\/types\/post"}],"author":[{"embeddable":true,"href":"http:\/\/desarrollo.grupomedios.com\/futbol\/wp-json\/wp\/v2\/users\/129"}],"replies":[{"embeddable":true,"href":"http:\/\/desarrollo.grupomedios.com\/futbol\/wp-json\/wp\/v2\/comments?post=506789"}],"version-history":[{"count":1,"href":"http:\/\/desarrollo.grupomedios.com\/futbol\/wp-json\/wp\/v2\/posts\/506789\/revisions"}],"predecessor-version":[{"id":506797,"href":"http:\/\/desarrollo.grupomedios.com\/futbol\/wp-json\/wp\/v2\/posts\/506789\/revisions\/506797"}],"wp:featuredmedia":[{"embeddable":true,"href":"http:\/\/desarrollo.grupomedios.com\/futbol\/wp-json\/wp\/v2\/media\/506794"}],"wp:attachment":[{"href":"http:\/\/desarrollo.grupomedios.com\/futbol\/wp-json\/wp\/v2\/media?parent=506789"}],"wp:term":[{"taxonomy":"category","embeddable":true,"href":"http:\/\/desarrollo.grupomedios.com\/futbol\/wp-json\/wp\/v2\/categories?post=506789"},{"taxonomy":"post_tag","embeddable":true,"href":"http:\/\/desarrollo.grupomedios.com\/futbol\/wp-json\/wp\/v2\/tags?post=506789"}],"curies":[{"name":"wp","href":"https:\/\/api.w.org\/{rel}","templated":true}]}}