{"id":506811,"date":"2017-10-27T11:50:56","date_gmt":"2017-10-27T16:50:56","guid":{"rendered":"https:\/\/www.futboltotal.com.mx\/?p=506811"},"modified":"2017-10-27T11:50:56","modified_gmt":"2017-10-27T16:50:56","slug":"valverde-barcelona-fuera-laliga-aun-no-ha-sucedido","status":"publish","type":"post","link":"http:\/\/desarrollo.grupomedios.com\/futbol\/futbol-internacional\/valverde-barcelona-fuera-laliga-aun-no-ha-sucedido\/2017\/10","title":{"rendered":"Valverde: &#8220;\u00bfBarcelona fuera de LaLiga? A\u00fan no ha sucedido&#8221;"},"content":{"rendered":"<div id=\"texto\" class=\"texto_txt\">\n<div class=\"DETALLE_N_texto \">\n<p><strong>POR: EFE<\/strong><\/p>\n<p><span id=\"ctl14_lblMostra\">El entrenador del <strong>Barcelona<\/strong>, <strong>Ernesto Valverde<\/strong>, ha reconocido que sigue la actualidad de la situaci\u00f3n pol\u00edtica en <strong>Catalu\u00f1a<\/strong>, &#8220;como todo el mundo&#8221;, pero ha eludido especular sobre la posibilidad de que el equipo azulgrana se quede fuera de la <strong>Liga espa\u00f1ola<\/strong> porque &#8220;eso todav\u00eda no ha sucedido&#8221;.<\/p>\n<p>Valverde, al ser preguntado por la situaci\u00f3n pol\u00edtica en Catalu\u00f1a en la rueda de prensa previa al partido contra el <strong>Athletic de Bilbao<\/strong>, se\u00f1al\u00f3 que prefiere no opinar de una cuesti\u00f3n que parece &#8220;cambiar cada media hora&#8221;.<\/span><\/p>\n<p style=\"text-align: center;\"><span id=\"ctl14_lblMostra\"><a href=\"https:\/\/www.futboltotal.com.mx\/futbol-internacional\/liga-de-espana\/berbatov-tira-dardo-a-cristiano-messi-put-amo\/2017\/10\" target=\"_blank\" rel=\"noopener\"><span style=\"color: #333399;\">VER M\u00c1S: Berbatov tira dardo a Cristiano: &#8220;Messi es el put&#8230; amo&#8221;<\/span><\/a><\/span><\/p>\n<p><span id=\"ctl14_lblMostra\">Sobre la posibilidad de que el Barcelona quede fuera de la Liga espa\u00f1ola tras la declaraci\u00f3n de independencia del parlamento Catal\u00e1n, coment\u00f3: &#8220;Eso todav\u00eda no ha sucedido. Estamos hablando de supuestos y a m\u00ed me gusta hablar de realidades. La realidad es que ma\u00f1ana tenemos un partido de Liga y queremos ganar&#8221;.<\/span><\/p>\n<\/div>\n<\/div>\n","protected":false},"excerpt":{"rendered":"<p>La situaci\u00f3n pol\u00edtica en Catalu\u00f1a genera dudas sobre el futuro del cuadro &#8216;blaugrana&#8217;.<\/p>\n","protected":false},"author":154,"featured_media":506814,"comment_status":"closed","ping_status":"closed","sticky":false,"template":"","format":"standard","meta":[],"categories":[3839,3844],"tags":[5984,2309,8239,10425,6114,5956,2046],"_links":{"self":[{"href":"http:\/\/desarrollo.grupomedios.com\/futbol\/wp-json\/wp\/v2\/posts\/506811"}],"collection":[{"href":"http:\/\/desarrollo.grupomedios.com\/futbol\/wp-json\/wp\/v2\/posts"}],"about":[{"href":"http:\/\/desarrollo.grupomedios.com\/futbol\/wp-json\/wp\/v2\/types\/post"}],"author":[{"embeddable":true,"href":"http:\/\/desarrollo.grupomedios.com\/futbol\/wp-json\/wp\/v2\/users\/154"}],"replies":[{"embeddable":true,"href":"http:\/\/desarrollo.grupomedios.com\/futbol\/wp-json\/wp\/v2\/comments?post=506811"}],"version-history":[{"count":1,"href":"http:\/\/desarrollo.grupomedios.com\/futbol\/wp-json\/wp\/v2\/posts\/506811\/revisions"}],"predecessor-version":[{"id":506816,"href":"http:\/\/desarrollo.grupomedios.com\/futbol\/wp-json\/wp\/v2\/posts\/506811\/revisions\/506816"}],"wp:featuredmedia":[{"embeddable":true,"href":"http:\/\/desarrollo.grupomedios.com\/futbol\/wp-json\/wp\/v2\/media\/506814"}],"wp:attachment":[{"href":"http:\/\/desarrollo.grupomedios.com\/futbol\/wp-json\/wp\/v2\/media?parent=506811"}],"wp:term":[{"taxonomy":"category","embeddable":true,"href":"http:\/\/desarrollo.grupomedios.com\/futbol\/wp-json\/wp\/v2\/categories?post=506811"},{"taxonomy":"post_tag","embeddable":true,"href":"http:\/\/desarrollo.grupomedios.com\/futbol\/wp-json\/wp\/v2\/tags?post=506811"}],"curies":[{"name":"wp","href":"https:\/\/api.w.org\/{rel}","templated":true}]}}