{"id":506812,"date":"2017-10-27T11:52:40","date_gmt":"2017-10-27T16:52:40","guid":{"rendered":"https:\/\/www.futboltotal.com.mx\/?p=506812"},"modified":"2017-10-27T11:52:40","modified_gmt":"2017-10-27T16:52:40","slug":"neymar-criticado-en-francia-sobrado","status":"publish","type":"post","link":"http:\/\/desarrollo.grupomedios.com\/futbol\/futbol-internacional\/neymar-criticado-en-francia-sobrado\/2017\/10","title":{"rendered":"Neymar es criticado en Francia por &#8216;sobrado&#8217;"},"content":{"rendered":"<p>A pesar de que su desempe\u00f1o futbol\u00edstico con el<strong> PSG<\/strong> ha sido bueno tanto en la<strong> Ligue 1<\/strong> como en la <strong>Champions League<\/strong>,<strong> Neymar<\/strong> ha sido criticado constantemente por su actitud dentro y fuera de la cancha.<\/p>\n<p>Ahora fue el exfutbolsita franc\u00e9s, <strong>Christophe Dugarry<\/strong>, quien ha criticado duramente al jugador brasile\u00f1o por su presentaci\u00f3n en el partido ante el <strong>Olympique de Marsella<\/strong>.<\/p>\n<p>A pesar de que <em>Ney<\/em> fue uno de los autores de los goles, <span style=\"color: #3366ff;\"><a href=\"https:\/\/www.futboltotal.com.mx\/futbol-internacional\/neymar-expulsado-agredir-rival-clasico-francia\/2017\/10\" target=\"_blank\" rel=\"noopener\">despu\u00e9s se fue expulsado por agredir al argentino Lucas Ocampo<\/a><\/span>, situaci\u00f3n que Dugarry no dej\u00f3 pasar y aprovech\u00f3 para tundir al jugador.<\/p>\n<p style=\"text-align: center;\"><a href=\"https:\/\/www.futboltotal.com.mx\/futbol-mexicano\/liga-mx\/chivas-impone-sancion-a-alan-pulido-250-mil-pesos\/2017\/10\"><span style=\"color: #3366ff;\">VER M\u00c1S: Chivas impone sanci\u00f3n a Alan Pulido de 250 mil pesos<\/span><\/a><\/p>\n<p>\u201cEstuvo provocando sistem\u00e1ticamente. Siempre pisaba la pelota con la suela y esperaba a sus oponentes a 45 metros de la porter\u00eda e incluso m\u00e1s. \u00a1Es absolutamente in\u00fatil! \u00bfD\u00f3nde est\u00e1 el Neymar del primer partido que daba el bal\u00f3n al primer o al segundo toque, que se mov\u00eda y que aceleraba el juego?\u201d, ha comentado,.<\/p>\n<p>\u201c\u00a1El domingo fue insoportable! Divertirse con \u00e9l es complicado. No es el Neymar del <strong>Bal\u00f3n de Oro<\/strong> que todos nos imaginamos. Juega como si estuviera en el jard\u00edn con sus amigos, ni si quiera ve a sus compa\u00f1eros. Es como si ya lo hubiera ganado todo con el PSG. Parece el capit\u00e1n de un PSG que ya hubiera ganado la Ligue 1, la Champions y todo lo dem\u00e1s\u201d, sentenci\u00f3 Dugarry.<\/p>\n<blockquote class=\"twitter-video\" data-lang=\"es\">\n<p dir=\"ltr\" lang=\"es\">Le dieron, le dieron, lo buscaron, entr\u00f3 en la trampa y se va expulsado&#8230; JAJAJAJAJ el mismo se rie. <a href=\"https:\/\/twitter.com\/hashtag\/Neymar?src=hash&amp;ref_src=twsrc%5Etfw\">#Neymar<\/a> <a href=\"https:\/\/t.co\/CsG5aieJln\">pic.twitter.com\/CsG5aieJln<\/a><\/p>\n<p>\u2014 Jas\u00f3n FPC (@JASON_FPC) <a href=\"https:\/\/twitter.com\/JASON_FPC\/status\/922207347652595713?ref_src=twsrc%5Etfw\">22 de octubre de 2017<\/a><\/p><\/blockquote>\n<p><script async src=\"https:\/\/platform.twitter.com\/widgets.js\" charset=\"utf-8\"><\/script><\/p>\n","protected":false},"excerpt":{"rendered":"<p>Aseguran que Ney juega &#8220;como si ya hubiera ganado todo&#8221;.<\/p>\n","protected":false},"author":129,"featured_media":506817,"comment_status":"closed","ping_status":"closed","sticky":false,"template":"","format":"standard","meta":[],"categories":[3839,9609],"tags":[222,36,10909,408,8823,6001,7469,1376,114],"_links":{"self":[{"href":"http:\/\/desarrollo.grupomedios.com\/futbol\/wp-json\/wp\/v2\/posts\/506812"}],"collection":[{"href":"http:\/\/desarrollo.grupomedios.com\/futbol\/wp-json\/wp\/v2\/posts"}],"about":[{"href":"http:\/\/desarrollo.grupomedios.com\/futbol\/wp-json\/wp\/v2\/types\/post"}],"author":[{"embeddable":true,"href":"http:\/\/desarrollo.grupomedios.com\/futbol\/wp-json\/wp\/v2\/users\/129"}],"replies":[{"embeddable":true,"href":"http:\/\/desarrollo.grupomedios.com\/futbol\/wp-json\/wp\/v2\/comments?post=506812"}],"version-history":[{"count":1,"href":"http:\/\/desarrollo.grupomedios.com\/futbol\/wp-json\/wp\/v2\/posts\/506812\/revisions"}],"predecessor-version":[{"id":506819,"href":"http:\/\/desarrollo.grupomedios.com\/futbol\/wp-json\/wp\/v2\/posts\/506812\/revisions\/506819"}],"wp:featuredmedia":[{"embeddable":true,"href":"http:\/\/desarrollo.grupomedios.com\/futbol\/wp-json\/wp\/v2\/media\/506817"}],"wp:attachment":[{"href":"http:\/\/desarrollo.grupomedios.com\/futbol\/wp-json\/wp\/v2\/media?parent=506812"}],"wp:term":[{"taxonomy":"category","embeddable":true,"href":"http:\/\/desarrollo.grupomedios.com\/futbol\/wp-json\/wp\/v2\/categories?post=506812"},{"taxonomy":"post_tag","embeddable":true,"href":"http:\/\/desarrollo.grupomedios.com\/futbol\/wp-json\/wp\/v2\/tags?post=506812"}],"curies":[{"name":"wp","href":"https:\/\/api.w.org\/{rel}","templated":true}]}}