{"id":506818,"date":"2017-10-27T12:19:04","date_gmt":"2017-10-27T17:19:04","guid":{"rendered":"https:\/\/www.futboltotal.com.mx\/?p=506818"},"modified":"2017-10-27T12:19:04","modified_gmt":"2017-10-27T17:19:04","slug":"florentino-real-madrid-vive-nueva-epoca-dorada-sus-115-anos","status":"publish","type":"post","link":"http:\/\/desarrollo.grupomedios.com\/futbol\/futbol-internacional\/florentino-real-madrid-vive-nueva-epoca-dorada-sus-115-anos\/2017\/10","title":{"rendered":"Florentino: &#8220;Real Madrid vive nueva \u00e9poca dorada de sus 115 a\u00f1os&#8221;"},"content":{"rendered":"<div id=\"texto\" class=\"texto_txt\">\n<div class=\"DETALLE_N_texto \">\n<p><strong>POR: EFE<\/strong><\/p>\n<p><span id=\"ctl14_lblMostra\">El presidente del <strong>Real Madrid<\/strong>, <strong>Florentino P\u00e9rez<\/strong>, ha repasado el gran momento que el club est\u00e1 viviendo en la <strong>Champions League<\/strong> en los \u00faltimos a\u00f1os, en los que ha ganado tres de los \u00faltimos cuatro t\u00edtulos, y se ha mostrado confiado en que el equipo siga dando alegr\u00edas a su afici\u00f3n en competici\u00f3n europea.<\/p>\n<p>Florentino P\u00e9rez ha hablado en el palco de honor del <strong>Estadio Santiago Bernab\u00e9u<\/strong> en la presentaci\u00f3n del libro &#8220;La leyenda contin\u00faa. La Duod\u00e9cima, reyes de Europa&#8221;, escrito por el periodista Enrique Ortego.<\/p>\n<p>El presidente blanco ha destacado que el Real Madrid tiene una &#8220;ambici\u00f3n extraordinaria&#8221; por ganar esta competici\u00f3n que se transmite &#8220;de generaci\u00f3n en generaci\u00f3n&#8221; entre aquellos que visten su camiseta.<\/span><\/p>\n<p style=\"text-align: center;\"><span id=\"ctl14_lblMostra\"><a href=\"https:\/\/www.futboltotal.com.mx\/futbol-internacional\/liga-de-espana\/berbatov-tira-dardo-a-cristiano-messi-put-amo\/2017\/10\" target=\"_blank\" rel=\"noopener\"><span style=\"color: #333399;\">VER M\u00c1S: Berbatov tira dardo a Cristiano: &#8220;Messi es el puto amo&#8221;<\/span><\/a><\/span><\/p>\n<p><span id=\"ctl14_lblMostra\">Adem\u00e1s, ha destacado que la consecuci\u00f3n de dos Champions consecutivas, \u00fanico club en lograrlo, se debe &#8220;al trabajo, la b\u00fasqueda insaciable de la excelencia, el talento y un esp\u00edritu ganador indomable&#8221;.<\/span><\/p>\n<h4><span id=\"ctl14_lblMostra\">&#8220;CRISTIANO, EL SUCESOR DE DI ST\u00c9FANO&#8221;<\/span><\/h4>\n<p><span id=\"ctl14_lblMostra\">&#8220;Estamos viviendo una nueva \u00e9poca dorada en nuestros 115 a\u00f1os de Historia. Una nueva \u00e9poca que estamos construyendo juntos con el mejor entrenador del mundo, <strong>Zinedine Zidane<\/strong>; con el sucesor del gran <strong>Alfredo Di Stefano<\/strong>, <strong>Cristiano Ronaldo<\/strong>; con nuestro gran capit\u00e1n, <strong>Sergio Ramos<\/strong> y con los mejores en cada puesto&#8221;, ha declarado.<\/p>\n<p>En la misma l\u00ednea que el presidente del club madridista se ha manifestado el autor del libro, Enrique Ortego, quien ha calificado a la actual plantilla del Real Madrid como &#8220;un equipo de \u00e9poca&#8221;.<\/p>\n<p>Adem\u00e1s, Florentino P\u00e9rez ha destacado que la Duod\u00e9cima no es un final, sino que es &#8220;el inicio del camino hacia la decimotercera&#8221;.<br \/>\n<\/span><\/p>\n<\/div>\n<\/div>\n","protected":false},"excerpt":{"rendered":"<p>Compar\u00f3 a su actual plantel con figuras de anta\u00f1o como Alfredo Di Stefano.<\/p>\n","protected":false},"author":154,"featured_media":506821,"comment_status":"closed","ping_status":"closed","sticky":false,"template":"","format":"standard","meta":[],"categories":[3839,3844],"tags":[36,491,10914,10913,10911,5988,10912],"_links":{"self":[{"href":"http:\/\/desarrollo.grupomedios.com\/futbol\/wp-json\/wp\/v2\/posts\/506818"}],"collection":[{"href":"http:\/\/desarrollo.grupomedios.com\/futbol\/wp-json\/wp\/v2\/posts"}],"about":[{"href":"http:\/\/desarrollo.grupomedios.com\/futbol\/wp-json\/wp\/v2\/types\/post"}],"author":[{"embeddable":true,"href":"http:\/\/desarrollo.grupomedios.com\/futbol\/wp-json\/wp\/v2\/users\/154"}],"replies":[{"embeddable":true,"href":"http:\/\/desarrollo.grupomedios.com\/futbol\/wp-json\/wp\/v2\/comments?post=506818"}],"version-history":[{"count":1,"href":"http:\/\/desarrollo.grupomedios.com\/futbol\/wp-json\/wp\/v2\/posts\/506818\/revisions"}],"predecessor-version":[{"id":506826,"href":"http:\/\/desarrollo.grupomedios.com\/futbol\/wp-json\/wp\/v2\/posts\/506818\/revisions\/506826"}],"wp:featuredmedia":[{"embeddable":true,"href":"http:\/\/desarrollo.grupomedios.com\/futbol\/wp-json\/wp\/v2\/media\/506821"}],"wp:attachment":[{"href":"http:\/\/desarrollo.grupomedios.com\/futbol\/wp-json\/wp\/v2\/media?parent=506818"}],"wp:term":[{"taxonomy":"category","embeddable":true,"href":"http:\/\/desarrollo.grupomedios.com\/futbol\/wp-json\/wp\/v2\/categories?post=506818"},{"taxonomy":"post_tag","embeddable":true,"href":"http:\/\/desarrollo.grupomedios.com\/futbol\/wp-json\/wp\/v2\/tags?post=506818"}],"curies":[{"name":"wp","href":"https:\/\/api.w.org\/{rel}","templated":true}]}}